{"id":25596,"date":"2020-06-17T10:26:57","date_gmt":"2020-06-17T13:26:57","guid":{"rendered":"https:\/\/www.portalalerta.com.br\/?p=25596"},"modified":"2020-06-17T10:26:57","modified_gmt":"2020-06-17T13:26:57","slug":"estudo-identifica-remedio-capaz-de-reduzir-mortes-de-pacientes-graves-com-coronavirus","status":"publish","type":"post","link":"https:\/\/www.portalalerta.com.br\/index.php\/2020\/06\/17\/estudo-identifica-remedio-capaz-de-reduzir-mortes-de-pacientes-graves-com-coronavirus\/","title":{"rendered":"Estudo identifica rem\u00e9dio capaz de reduzir mortes de pacientes graves com coronav\u00edrus"},"content":{"rendered":"<p style=\"text-align: justify;\"><strong>Tratamento n\u00e3o apresentou nenhum benef\u00edcio em pacientes com sintomas leves. O rem\u00e9dio j\u00e1 \u00e9 usado em alguns hospitais do Brasil.<\/strong><!--more--><\/p>\n<p style=\"text-align: justify;\">O resultado preliminar de um estudo da Universidade de Oxford concluiu que um rem\u00e9dio antigo e barato reduziu o n\u00famero de mortes por Covid-19 em pacientes internados em estado grave.<\/p>\n<p style=\"text-align: justify;\">A novidade contra o novo coronav\u00edrus \u00e9 um velho conhecido: um tipo de corticoide usado desde o come\u00e7o dos anos 1960.<\/p>\n<p style=\"text-align: justify;\">O rem\u00e9dio trata v\u00e1rias condi\u00e7\u00f5es: de doen\u00e7as de pele a asma. Ele \u00e9 eficaz na fase mais perigosa da Covid-19. Quando os sintomas persistem, o sistema imunol\u00f3gico pode reagir exageradamente ao v\u00edrus: ele acaba atacando os pr\u00f3prios \u00f3rg\u00e3os do corpo. \u00c9 o que os m\u00e9dicos chamam de &#8220;tempestade inflamat\u00f3ria&#8221;.<\/p>\n<p style=\"text-align: justify;\">O anti-inflamat\u00f3rio pode segurar esse &#8220;autoataque&#8221; do corpo, evitando a fal\u00eancia de \u00f3rg\u00e3os. Segundo a Universidade de Oxford, quase a metade de todos os infectados pelo novo coronav\u00edrus que precisam de respirador corre risco de morte. Esse tipo de corticoide reduz esse risco para perto de um ter\u00e7o.<\/p>\n<p style=\"text-align: justify;\">O ensaio cl\u00ednico envolveu mais de 6 mil pessoas. Mais de 2 mil pacientes em estado grave receberam o corticoide por dez dias. E mais de 4 mil pacientes, tamb\u00e9m em estado grave, n\u00e3o receberam o anti-inflamat\u00f3rio.<\/p>\n<p style=\"text-align: justify;\">Ao comparar os dois grupos, os pesquisadores dizem que o rem\u00e9dio previne uma morte a cada oito pacientes que respiram por aparelho. Entre os infectados que precisam de oxig\u00eanio, mas n\u00e3o est\u00e3o entubados, o corticoide salva 1 em cada 25 internados.<\/p>\n<p style=\"text-align: justify;\">\u00c9 um resultado bom e barato, o que pode salvar muitas vidas em pa\u00edses pobres tamb\u00e9m. \u00c9 por isso que os pesquisadores falam em &#8220;grande avan\u00e7o&#8221;. Mas nem adianta correr para farm\u00e1cia: o tratamento n\u00e3o apresentou nenhum benef\u00edcio em pessoas com sintomas leves.<\/p>\n<p style=\"text-align: justify;\"><img fetchpriority=\"high\" decoding=\"async\" class=\"size-thumbnail wp-image-4869 aligncenter\" src=\"https:\/\/www.portalalerta.com.br\/wp-content\/uploads\/2018\/02\/Auto-Escola-Nobre-720x181.jpg\" alt=\"\" width=\"720\" height=\"181\" srcset=\"https:\/\/www.portalalerta.com.br\/wp-content\/uploads\/2018\/02\/Auto-Escola-Nobre.jpg 720w, https:\/\/www.portalalerta.com.br\/wp-content\/uploads\/2018\/02\/Auto-Escola-Nobre-260x65.jpg 260w, https:\/\/www.portalalerta.com.br\/wp-content\/uploads\/2018\/02\/Auto-Escola-Nobre-50x13.jpg 50w, https:\/\/www.portalalerta.com.br\/wp-content\/uploads\/2018\/02\/Auto-Escola-Nobre-150x38.jpg 150w\" sizes=\"(max-width: 720px) 100vw, 720px\" \/>O rem\u00e9dio j\u00e1 \u00e9 usado em alguns hospitais do Brasil.<\/p>\n<p style=\"text-align: justify;\">O presidente da Sociedade Brasileira de Infectologia, o doutor Cl\u00f3vis Arns da Cunha, comemorou o resultado do estudo com uma medica\u00e7\u00e3o barata e de acesso universal.<\/p>\n<p style=\"text-align: justify;\">\u201cA consequ\u00eancia pr\u00e1tica \u00e9 que todo m\u00e9dico que for atender pacientes com pneumonia com hipoxemia por Covid &#8211; hipoxemia \u00e9 a falta de oxig\u00eanio &#8211; e pacientes que est\u00e3o em ventila\u00e7\u00e3o mec\u00e2nica, o m\u00e9dico deve prescrever porque \u00e9 o \u00fanico rem\u00e9dio que mostrou, por enquanto, que pode salvar vidas\u201d.<\/p>\n<p style=\"text-align: justify;\">Mas ele refor\u00e7ou o alerta. \u201cEste rem\u00e9dio n\u00e3o deve ser usado pra preven\u00e7\u00e3o da Covid, porque o corticoide pode ter v\u00e1rios efeitos colaterais. Deixe que o m\u00e9dico oriente quando voc\u00ea deve us\u00e1-lo. Repito, \u00e9 para pacientes hospitalizados que n\u00f3s vamos usar\u201d.<\/p>\n<p style=\"text-align: justify;\">A descoberta \u00e9 parte de um dos maiores ensaios cl\u00ednicos mundiais. A Universidade de Oxford vem testando contra o novo coronav\u00edrus v\u00e1rios rem\u00e9dios que j\u00e1 existiam.<\/p>\n<p style=\"text-align: justify;\">Os pesquisadores tamb\u00e9m testaram e descartaram a efic\u00e1cia da hidroxicloroquina contra Covid-19.<\/p>\n<p style=\"text-align: justify;\">O primeiro-ministro brit\u00e2nico disse que a descoberta com o corticoide \u00e9 como um feixe de luz. O governo vai adotar esse anti-inflamat\u00f3rio como tratamento padr\u00e3o em casos graves. Ainda n\u00e3o \u00e9 uma preven\u00e7\u00e3o ou cura. Mas o mundo agora j\u00e1 tem um tratamento comprovado.<\/p>\n<p style=\"text-align: justify;\">A chamada &#8216;Coaliz\u00e3o Covid-Brasil&#8217; tamb\u00e9m est\u00e1 estudando, desde abril, a efic\u00e1cia do uso desse tipo de corticoide contra Covid-19. Quarenta hospitais de todas as regi\u00f5es do pa\u00eds participam da pesquisa coordenada pelo Hospital S\u00edrio-Liban\u00eas, em parceria com a Ach\u00e9 Laborat\u00f3rios. Mais de 280 pacientes com ventila\u00e7\u00e3o mec\u00e2nica e internados em UTIs j\u00e1 participaram da pesquisa. Os primeiros resultados devem ser divulgados em agosto.<\/p>\n<p style=\"text-align: justify;\"><em>Fonte: G1<\/em><\/p>\n","protected":false},"excerpt":{"rendered":"<p>Tratamento n\u00e3o apresentou nenhum benef\u00edcio em pacientes com sintomas leves. O rem\u00e9dio j\u00e1 \u00e9 usado em alguns hospitais do Brasil.<\/p>\n","protected":false},"author":2,"featured_media":25597,"comment_status":"open","ping_status":"open","sticky":false,"template":"","format":"standard","meta":{"om_disable_all_campaigns":false,"_monsterinsights_skip_tracking":false,"_monsterinsights_sitenote_active":false,"_monsterinsights_sitenote_note":"","_monsterinsights_sitenote_category":0,"footnotes":""},"categories":[70,35,69,19],"tags":[3429,3486,3739,339,61,1751],"class_list":["post-25596","post","type-post","status-publish","format-standard","has-post-thumbnail","hentry","category-destaques","category-mundo","category-noticias2","category-saude","tag-coronavirus","tag-covid-19","tag-dexametasona","tag-mundo","tag-saude","tag-tratamento"],"aioseo_notices":[],"_links":{"self":[{"href":"https:\/\/www.portalalerta.com.br\/index.php\/wp-json\/wp\/v2\/posts\/25596","targetHints":{"allow":["GET"]}}],"collection":[{"href":"https:\/\/www.portalalerta.com.br\/index.php\/wp-json\/wp\/v2\/posts"}],"about":[{"href":"https:\/\/www.portalalerta.com.br\/index.php\/wp-json\/wp\/v2\/types\/post"}],"author":[{"embeddable":true,"href":"https:\/\/www.portalalerta.com.br\/index.php\/wp-json\/wp\/v2\/users\/2"}],"replies":[{"embeddable":true,"href":"https:\/\/www.portalalerta.com.br\/index.php\/wp-json\/wp\/v2\/comments?post=25596"}],"version-history":[{"count":1,"href":"https:\/\/www.portalalerta.com.br\/index.php\/wp-json\/wp\/v2\/posts\/25596\/revisions"}],"predecessor-version":[{"id":25598,"href":"https:\/\/www.portalalerta.com.br\/index.php\/wp-json\/wp\/v2\/posts\/25596\/revisions\/25598"}],"wp:featuredmedia":[{"embeddable":true,"href":"https:\/\/www.portalalerta.com.br\/index.php\/wp-json\/wp\/v2\/media\/25597"}],"wp:attachment":[{"href":"https:\/\/www.portalalerta.com.br\/index.php\/wp-json\/wp\/v2\/media?parent=25596"}],"wp:term":[{"taxonomy":"category","embeddable":true,"href":"https:\/\/www.portalalerta.com.br\/index.php\/wp-json\/wp\/v2\/categories?post=25596"},{"taxonomy":"post_tag","embeddable":true,"href":"https:\/\/www.portalalerta.com.br\/index.php\/wp-json\/wp\/v2\/tags?post=25596"}],"curies":[{"name":"wp","href":"https:\/\/api.w.org\/{rel}","templated":true}]}}