{"id":25611,"date":"2020-06-17T12:52:21","date_gmt":"2020-06-17T15:52:21","guid":{"rendered":"https:\/\/www.portalalerta.com.br\/?p=25611"},"modified":"2020-06-17T12:52:21","modified_gmt":"2020-06-17T15:52:21","slug":"acusado-de-estuprar-crianca-de-3-anos-e-preso-na-zona-rural-de-araci-ba-e-irmao-e-detido-por-trafico-de-drogas","status":"publish","type":"post","link":"https:\/\/www.portalalerta.com.br\/index.php\/2020\/06\/17\/acusado-de-estuprar-crianca-de-3-anos-e-preso-na-zona-rural-de-araci-ba-e-irmao-e-detido-por-trafico-de-drogas\/","title":{"rendered":"Acusado de estuprar crian\u00e7a de 3 anos \u00e9 preso na zona rural de Araci-BA, e irm\u00e3o \u00e9 detido por tr\u00e1fico de drogas"},"content":{"rendered":"<p style=\"text-align: justify;\">Um homem identificado como \u2018Col\u00f4la\u2019, de 30 anos, foi preso nesta quarta-feira (17) na comunidade rural Pedra Alta, distrito do munic\u00edpio de Araci-BA. De acordo com a Pol\u00edcia Civil, havia em desfavor dele um mandado de pris\u00e3o preventiva decorrente de processo pelo crime de estupro contra uma crian\u00e7a de 3 anos, ocorrido em 30 de julho do ano passado. Durante a opera\u00e7\u00e3o, um jovem de 20 anos, que \u00e9 irm\u00e3o de Col\u00f4la, foi preso por tr\u00e1fico de drogas e posse ilegal de arma de fogo.<!--more--><\/p>\n<p style=\"text-align: justify;\"><img fetchpriority=\"high\" decoding=\"async\" class=\"size-thumbnail wp-image-9394 alignleft\" src=\"https:\/\/www.portalalerta.com.br\/wp-content\/uploads\/2018\/07\/05elab-320x240.jpg\" alt=\"\" width=\"320\" height=\"240\" srcset=\"https:\/\/www.portalalerta.com.br\/wp-content\/uploads\/2018\/07\/05elab-320x240.jpg 320w, https:\/\/www.portalalerta.com.br\/wp-content\/uploads\/2018\/07\/05elab-195x146.jpg 195w, https:\/\/www.portalalerta.com.br\/wp-content\/uploads\/2018\/07\/05elab-50x38.jpg 50w, https:\/\/www.portalalerta.com.br\/wp-content\/uploads\/2018\/07\/05elab-100x75.jpg 100w, https:\/\/www.portalalerta.com.br\/wp-content\/uploads\/2018\/07\/05elab.jpg 400w\" sizes=\"(max-width: 320px) 100vw, 320px\" \/><\/p>\n<p style=\"text-align: justify;\">Segundo a pol\u00edcia, no quarto do jovem, dentro dos bolsos de dois shorts, foram encontradas: 15 por\u00e7\u00f5es de maconha e 25 de coca\u00edna, al\u00e9m de material comumente usados para embalar entorpecentes. Ainda de acordo com os investigadores, tamb\u00e9m foi apreendida uma espingarda, p\u00f3lvoras, chumbos, espoletas e esferas met\u00e1licas utilizadas para recarregar a arma. A dupla foi encaminhada \u00e0 Delegacia da Pol\u00edcia Civil, onde ficou \u00e0 disposi\u00e7\u00e3o da Justi\u00e7a.<\/p>\n<p>&nbsp;<\/p>\n<p>&nbsp;<\/p>\n<p style=\"text-align: justify;\"><em><img decoding=\"async\" class=\"aligncenter wp-image-25612 size-full\" src=\"https:\/\/www.portalalerta.com.br\/wp-content\/uploads\/2020\/06\/Estupro-de-Vulner\u00e1vel-em-Araci-2020.jpg\" alt=\"\" width=\"500\" height=\"350\" srcset=\"https:\/\/www.portalalerta.com.br\/wp-content\/uploads\/2020\/06\/Estupro-de-Vulner\u00e1vel-em-Araci-2020.jpg 500w, https:\/\/www.portalalerta.com.br\/wp-content\/uploads\/2020\/06\/Estupro-de-Vulner\u00e1vel-em-Araci-2020-343x240.jpg 343w, https:\/\/www.portalalerta.com.br\/wp-content\/uploads\/2020\/06\/Estupro-de-Vulner\u00e1vel-em-Araci-2020-209x146.jpg 209w, https:\/\/www.portalalerta.com.br\/wp-content\/uploads\/2020\/06\/Estupro-de-Vulner\u00e1vel-em-Araci-2020-50x35.jpg 50w, https:\/\/www.portalalerta.com.br\/wp-content\/uploads\/2020\/06\/Estupro-de-Vulner\u00e1vel-em-Araci-2020-107x75.jpg 107w\" sizes=\"(max-width: 500px) 100vw, 500px\" \/>Fonte: Not\u00edcias de Santaluz<\/em><\/p>\n","protected":false},"excerpt":{"rendered":"<p>Um homem identificado como \u2018Col\u00f4la\u2019, de 30 anos, foi preso nesta quarta-feira (17) na comunidade rural Pedra Alta, distrito do munic\u00edpio de Araci-BA. De acordo com a Pol\u00edcia Civil, havia em desfavor dele um mandado de pris\u00e3o preventiva decorrente de processo pelo crime de estupro contra uma crian\u00e7a de 3 anos, ocorrido em 30 de &hellip;<\/p>\n","protected":false},"author":2,"featured_media":25613,"comment_status":"open","ping_status":"open","sticky":false,"template":"","format":"standard","meta":{"om_disable_all_campaigns":false,"_monsterinsights_skip_tracking":false,"_monsterinsights_sitenote_active":false,"_monsterinsights_sitenote_note":"","_monsterinsights_sitenote_category":0,"footnotes":""},"categories":[41,70,69,32,22],"tags":[48,438,122,110,76],"class_list":["post-25611","post","type-post","status-publish","format-standard","has-post-thumbnail","hentry","category-araci","category-destaques","category-noticias2","category-regiao","category-seguranca","tag-araci","tag-estupro-de-vulneravel","tag-policia-civil","tag-presos","tag-trafico-de-drogas"],"aioseo_notices":[],"_links":{"self":[{"href":"https:\/\/www.portalalerta.com.br\/index.php\/wp-json\/wp\/v2\/posts\/25611","targetHints":{"allow":["GET"]}}],"collection":[{"href":"https:\/\/www.portalalerta.com.br\/index.php\/wp-json\/wp\/v2\/posts"}],"about":[{"href":"https:\/\/www.portalalerta.com.br\/index.php\/wp-json\/wp\/v2\/types\/post"}],"author":[{"embeddable":true,"href":"https:\/\/www.portalalerta.com.br\/index.php\/wp-json\/wp\/v2\/users\/2"}],"replies":[{"embeddable":true,"href":"https:\/\/www.portalalerta.com.br\/index.php\/wp-json\/wp\/v2\/comments?post=25611"}],"version-history":[{"count":1,"href":"https:\/\/www.portalalerta.com.br\/index.php\/wp-json\/wp\/v2\/posts\/25611\/revisions"}],"predecessor-version":[{"id":25614,"href":"https:\/\/www.portalalerta.com.br\/index.php\/wp-json\/wp\/v2\/posts\/25611\/revisions\/25614"}],"wp:featuredmedia":[{"embeddable":true,"href":"https:\/\/www.portalalerta.com.br\/index.php\/wp-json\/wp\/v2\/media\/25613"}],"wp:attachment":[{"href":"https:\/\/www.portalalerta.com.br\/index.php\/wp-json\/wp\/v2\/media?parent=25611"}],"wp:term":[{"taxonomy":"category","embeddable":true,"href":"https:\/\/www.portalalerta.com.br\/index.php\/wp-json\/wp\/v2\/categories?post=25611"},{"taxonomy":"post_tag","embeddable":true,"href":"https:\/\/www.portalalerta.com.br\/index.php\/wp-json\/wp\/v2\/tags?post=25611"}],"curies":[{"name":"wp","href":"https:\/\/api.w.org\/{rel}","templated":true}]}}