{"id":25621,"date":"2020-06-17T15:28:35","date_gmt":"2020-06-17T18:28:35","guid":{"rendered":"https:\/\/www.portalalerta.com.br\/?p=25621"},"modified":"2020-06-17T15:28:35","modified_gmt":"2020-06-17T18:28:35","slug":"apenas-02-casos-de-covid-19-estao-ativos-em-banzae-ba-indice-de-cura-chega-a-85","status":"publish","type":"post","link":"https:\/\/www.portalalerta.com.br\/index.php\/2020\/06\/17\/apenas-02-casos-de-covid-19-estao-ativos-em-banzae-ba-indice-de-cura-chega-a-85\/","title":{"rendered":"Apenas 02 casos de Covid-19 est\u00e3o ativos em Banza\u00ea-BA. \u00cdndice de cura chega a 85%"},"content":{"rendered":"<p style=\"text-align: justify;\">O \u00faltimo Boletim Epidemiol\u00f3gico divulgado pela Secretaria Municipal de Sa\u00fade de Banza\u00ea-BA, confirmou mais duas curas de pacientes infectados por Covid-19 na cidade.<!--more--><\/p>\n<p style=\"text-align: justify;\"><img fetchpriority=\"high\" decoding=\"async\" class=\"size-thumbnail wp-image-25012 aligncenter\" src=\"https:\/\/www.portalalerta.com.br\/wp-content\/uploads\/2020\/06\/real-acordo.1-720x92.jpg\" alt=\"\" width=\"720\" height=\"92\" \/>Dos treze infectados, onze j\u00e1 foram curados, chegando a um \u00edndice de 85% de cura do v\u00edrus no munic\u00edpio, e portanto apenas dois casos s\u00e3o considerados ativos, sendo que um deles ainda se encontra internado. Al\u00e9m disso, Banza\u00ea n\u00e3o tem registro de \u00f3bito por Coronav\u00edrus.<\/p>\n<p style=\"text-align: justify;\">Atualmente n\u00e3o existe nenhum caso suspeito da doen\u00e7a em an\u00e1lise.<\/p>\n<p style=\"text-align: justify;\"><a href=\"https:\/\/www.portalalerta.com.br\/index.php\/2020\/05\/27\/saiba-como-esta-a-evolucao-do-covid-19-em-banzae-ba\/\"><strong style=\"font-style: inherit;\">Clique aqui e saiba como est\u00e1 a evolu\u00e7\u00e3o do Covid-19 em Banza\u00ea-BA<\/strong><\/a><\/p>\n<p style=\"text-align: justify;\"><em style=\"font-weight: inherit;\">Reda\u00e7\u00e3o: Portal Alerta<\/em><\/p>\n<p style=\"text-align: justify;\"><em style=\"font-weight: inherit;\"><strong>#fiqueemcasa<\/strong><\/em><\/p>\n<p style=\"text-align: justify;\"><strong style=\"font-style: inherit;\"><em>#usemascaras<\/em><\/strong><\/p>\n","protected":false},"excerpt":{"rendered":"<p>O \u00faltimo Boletim Epidemiol\u00f3gico divulgado pela Secretaria Municipal de Sa\u00fade de Banza\u00ea-BA, confirmou mais duas curas de pacientes infectados por Covid-19 na cidade.<\/p>\n","protected":false},"author":2,"featured_media":22476,"comment_status":"open","ping_status":"open","sticky":false,"template":"","format":"standard","meta":{"om_disable_all_campaigns":false,"_monsterinsights_skip_tracking":false,"_monsterinsights_sitenote_active":false,"_monsterinsights_sitenote_note":"","_monsterinsights_sitenote_category":0,"footnotes":""},"categories":[39,70,69,32,19],"tags":[49,3429,3486,3454,61],"class_list":["post-25621","post","type-post","status-publish","format-standard","has-post-thumbnail","hentry","category-banzae","category-destaques","category-noticias2","category-regiao","category-saude","tag-banzae","tag-coronavirus","tag-covid-19","tag-cura","tag-saude"],"aioseo_notices":[],"_links":{"self":[{"href":"https:\/\/www.portalalerta.com.br\/index.php\/wp-json\/wp\/v2\/posts\/25621","targetHints":{"allow":["GET"]}}],"collection":[{"href":"https:\/\/www.portalalerta.com.br\/index.php\/wp-json\/wp\/v2\/posts"}],"about":[{"href":"https:\/\/www.portalalerta.com.br\/index.php\/wp-json\/wp\/v2\/types\/post"}],"author":[{"embeddable":true,"href":"https:\/\/www.portalalerta.com.br\/index.php\/wp-json\/wp\/v2\/users\/2"}],"replies":[{"embeddable":true,"href":"https:\/\/www.portalalerta.com.br\/index.php\/wp-json\/wp\/v2\/comments?post=25621"}],"version-history":[{"count":1,"href":"https:\/\/www.portalalerta.com.br\/index.php\/wp-json\/wp\/v2\/posts\/25621\/revisions"}],"predecessor-version":[{"id":25622,"href":"https:\/\/www.portalalerta.com.br\/index.php\/wp-json\/wp\/v2\/posts\/25621\/revisions\/25622"}],"wp:featuredmedia":[{"embeddable":true,"href":"https:\/\/www.portalalerta.com.br\/index.php\/wp-json\/wp\/v2\/media\/22476"}],"wp:attachment":[{"href":"https:\/\/www.portalalerta.com.br\/index.php\/wp-json\/wp\/v2\/media?parent=25621"}],"wp:term":[{"taxonomy":"category","embeddable":true,"href":"https:\/\/www.portalalerta.com.br\/index.php\/wp-json\/wp\/v2\/categories?post=25621"},{"taxonomy":"post_tag","embeddable":true,"href":"https:\/\/www.portalalerta.com.br\/index.php\/wp-json\/wp\/v2\/tags?post=25621"}],"curies":[{"name":"wp","href":"https:\/\/api.w.org\/{rel}","templated":true}]}}