{"id":25623,"date":"2020-06-17T15:45:47","date_gmt":"2020-06-17T18:45:47","guid":{"rendered":"https:\/\/www.portalalerta.com.br\/?p=25623"},"modified":"2020-06-17T15:45:47","modified_gmt":"2020-06-17T18:45:47","slug":"esta-chegando-a-hora-de-colocar-tudo-em-seu-devido-lugar-diz-bolsonaro-a-apoiadores","status":"publish","type":"post","link":"https:\/\/www.portalalerta.com.br\/index.php\/2020\/06\/17\/esta-chegando-a-hora-de-colocar-tudo-em-seu-devido-lugar-diz-bolsonaro-a-apoiadores\/","title":{"rendered":"&#8220;Est\u00e1 chegando a hora de colocar tudo em seu devido lugar&#8221;, diz Bolsonaro a apoiadores"},"content":{"rendered":"<p style=\"text-align: justify;\">Em conversa com apoiadores na manh\u00e3 desta quarta-feira, 17, o\u00a0presidente Jair Bolsonaro\u00a0afirmou que h\u00e1 abusos do\u00a0Supremo Tribunal Federal\u00a0e que &#8220;est\u00e1 chegando a hora de colocar tudo em seu devido lugar&#8221;.<!--more--><\/p>\n<p style=\"text-align: justify;\">Ao ouvir uma apoiadora que fazia parte do grupo de extrema-direita 300 pelo Brasil afirmar que seria presa, Bolsonaro se irritou com o que considerou conselhos da mulher e disse saber o que est\u00e1 fazendo.<\/p>\n<p style=\"text-align: justify;\"><img fetchpriority=\"high\" decoding=\"async\" class=\"size-thumbnail wp-image-9394 alignleft\" src=\"https:\/\/www.portalalerta.com.br\/wp-content\/uploads\/2018\/07\/05elab-320x240.jpg\" alt=\"\" width=\"320\" height=\"240\" srcset=\"https:\/\/www.portalalerta.com.br\/wp-content\/uploads\/2018\/07\/05elab-320x240.jpg 320w, https:\/\/www.portalalerta.com.br\/wp-content\/uploads\/2018\/07\/05elab-195x146.jpg 195w, https:\/\/www.portalalerta.com.br\/wp-content\/uploads\/2018\/07\/05elab-50x38.jpg 50w, https:\/\/www.portalalerta.com.br\/wp-content\/uploads\/2018\/07\/05elab-100x75.jpg 100w, https:\/\/www.portalalerta.com.br\/wp-content\/uploads\/2018\/07\/05elab.jpg 400w\" sizes=\"(max-width: 320px) 100vw, 320px\" \/>&#8220;Estou fazendo exatamente o que tem que ser feito. Eu n\u00e3o vou ser o primeiro a chutar o pau da barraca. Eles est\u00e3o abusando, isso est\u00e1 a olhos vistos. O ocorrido no dia de ontem, quebrar sigilo de parlamentar, n\u00e3o tem hist\u00f3ria vista numa democracia por mais fr\u00e1gil que seja. Est\u00e1 chegando a hora de colocar tudo em seu devido lugar&#8221;, disse.<\/p>\n<p style=\"text-align: justify;\">Al\u00e9m da opera\u00e7\u00e3o de busca e a apreens\u00e3o da Pol\u00edcia Federal que envolveu 21 aliados bolsonaristas, incluindo o deputado federal Daniel Silveira (PSL-RJ), o ministro do STF Alexandre de Moraes determinou a quebra de sigilos banc\u00e1rio, fiscal e telem\u00e1tico (de comunica\u00e7\u00f5es) de 11 deputados federais.<\/p>\n<p style=\"text-align: justify;\">Al\u00e9m de Silveira, est\u00e3o na lista Bia Kicis (PSL-DF) e Carla Zambelli (PSL-SP), tamb\u00e9m muito pr\u00f3ximas a Bolsonaro. As investiga\u00e7\u00f5es apuram o financiamento de manifesta\u00e7\u00f5es de cunho antidemocr\u00e1tico que pedem uma interven\u00e7\u00e3o militar no Brasil e o fechamento do Supremo e do Congresso Nacional.<\/p>\n<p style=\"text-align: justify;\">Bolsonaro disse ainda que terrorismo \u00e9 &#8220;meter carro-bomba em guarita do Ex\u00e9rcito&#8221;, e n\u00e3o &#8220;isso que alguns est\u00e3o achando por a\u00ed&#8221;. O presidente disse ainda que &#8220;vai chegar a hora&#8221;, sem, no entanto, dizer ao que estava se referindo.<\/p>\n<p style=\"text-align: justify;\">Na noite de ter\u00e7a, em uma sequ\u00eancia de tu\u00edtes, o presidente afirmou que tomaria &#8220;medidas legais&#8221; para &#8220;proteger a Constitui\u00e7\u00e3o e a liberdade do dos brasileiros&#8221;.<\/p>\n<p style=\"text-align: justify;\">&#8220;N\u00e3o devo nada a ningu\u00e9m do que estou fazendo. Est\u00e1 chegando a hora de acertarmos o Brasil no rumo da prosperidade e todos entenderem o que \u00e9 democracia. Democracia n\u00e3o \u00e9 o que eu quero, nem voc\u00ea, nem o que um Poder quer, o que outro Poder quer&#8221;, afirmou aos apoiadores.<\/p>\n<p style=\"text-align: justify;\"><em>Fonte: Yahoo Not\u00edcias<\/em><\/p>\n","protected":false},"excerpt":{"rendered":"<p>Em conversa com apoiadores na manh\u00e3 desta quarta-feira, 17, o\u00a0presidente Jair Bolsonaro\u00a0afirmou que h\u00e1 abusos do\u00a0Supremo Tribunal Federal\u00a0e que &#8220;est\u00e1 chegando a hora de colocar tudo em seu devido lugar&#8221;.<\/p>\n","protected":false},"author":2,"featured_media":25624,"comment_status":"open","ping_status":"open","sticky":false,"template":"","format":"standard","meta":{"om_disable_all_campaigns":false,"_monsterinsights_skip_tracking":false,"_monsterinsights_sitenote_active":false,"_monsterinsights_sitenote_note":"","_monsterinsights_sitenote_category":0,"footnotes":""},"categories":[34,70,69,21],"tags":[1395,1152,216],"class_list":["post-25623","post","type-post","status-publish","format-standard","has-post-thumbnail","hentry","category-brasil","category-destaques","category-noticias2","category-politica","tag-jair-bolsonaro","tag-presidente-da-republica","tag-stf"],"aioseo_notices":[],"_links":{"self":[{"href":"https:\/\/www.portalalerta.com.br\/index.php\/wp-json\/wp\/v2\/posts\/25623","targetHints":{"allow":["GET"]}}],"collection":[{"href":"https:\/\/www.portalalerta.com.br\/index.php\/wp-json\/wp\/v2\/posts"}],"about":[{"href":"https:\/\/www.portalalerta.com.br\/index.php\/wp-json\/wp\/v2\/types\/post"}],"author":[{"embeddable":true,"href":"https:\/\/www.portalalerta.com.br\/index.php\/wp-json\/wp\/v2\/users\/2"}],"replies":[{"embeddable":true,"href":"https:\/\/www.portalalerta.com.br\/index.php\/wp-json\/wp\/v2\/comments?post=25623"}],"version-history":[{"count":1,"href":"https:\/\/www.portalalerta.com.br\/index.php\/wp-json\/wp\/v2\/posts\/25623\/revisions"}],"predecessor-version":[{"id":25625,"href":"https:\/\/www.portalalerta.com.br\/index.php\/wp-json\/wp\/v2\/posts\/25623\/revisions\/25625"}],"wp:featuredmedia":[{"embeddable":true,"href":"https:\/\/www.portalalerta.com.br\/index.php\/wp-json\/wp\/v2\/media\/25624"}],"wp:attachment":[{"href":"https:\/\/www.portalalerta.com.br\/index.php\/wp-json\/wp\/v2\/media?parent=25623"}],"wp:term":[{"taxonomy":"category","embeddable":true,"href":"https:\/\/www.portalalerta.com.br\/index.php\/wp-json\/wp\/v2\/categories?post=25623"},{"taxonomy":"post_tag","embeddable":true,"href":"https:\/\/www.portalalerta.com.br\/index.php\/wp-json\/wp\/v2\/tags?post=25623"}],"curies":[{"name":"wp","href":"https:\/\/api.w.org\/{rel}","templated":true}]}}