{"id":25638,"date":"2020-06-17T18:15:17","date_gmt":"2020-06-17T21:15:17","guid":{"rendered":"https:\/\/www.portalalerta.com.br\/?p=25638"},"modified":"2020-06-17T18:15:17","modified_gmt":"2020-06-17T21:15:17","slug":"idosa-que-esteve-internada-em-ribeira-do-pombal-ba-por-covid-19-recebe-alta-e-video-emociona","status":"publish","type":"post","link":"https:\/\/www.portalalerta.com.br\/index.php\/2020\/06\/17\/idosa-que-esteve-internada-em-ribeira-do-pombal-ba-por-covid-19-recebe-alta-e-video-emociona\/","title":{"rendered":"Idosa que esteve internada em Ribeira do Pombal-BA por Covid-19, recebe alta, e v\u00eddeo emociona!"},"content":{"rendered":"<p style=\"text-align: justify;\">Na manh\u00e3 desta quarta-feira, 17, o munic\u00edpio de Ribeira do Pombal-BA divulgou a alta m\u00e9dica de Dona Clarice, uma idosa que estava internada na Unidade de Pronto Atendimento ao Covid-19 no munic\u00edpio.<!--more--><\/p>\n<p style=\"text-align: justify;\">Num v\u00eddeo, amplamente divulgado nas redes sociais, a idosa visivelmente emocionada demonstra sua gratid\u00e3o \u00e0 equipe de profissionais de sa\u00fade, que a acompanharam durante este per\u00edodo.<\/p>\n<p style=\"text-align: justify;\"><img fetchpriority=\"high\" decoding=\"async\" class=\"size-thumbnail wp-image-4869 aligncenter\" src=\"https:\/\/www.portalalerta.com.br\/wp-content\/uploads\/2018\/02\/Auto-Escola-Nobre-720x181.jpg\" alt=\"\" width=\"720\" height=\"181\" srcset=\"https:\/\/www.portalalerta.com.br\/wp-content\/uploads\/2018\/02\/Auto-Escola-Nobre.jpg 720w, https:\/\/www.portalalerta.com.br\/wp-content\/uploads\/2018\/02\/Auto-Escola-Nobre-260x65.jpg 260w, https:\/\/www.portalalerta.com.br\/wp-content\/uploads\/2018\/02\/Auto-Escola-Nobre-50x13.jpg 50w, https:\/\/www.portalalerta.com.br\/wp-content\/uploads\/2018\/02\/Auto-Escola-Nobre-150x38.jpg 150w\" sizes=\"(max-width: 720px) 100vw, 720px\" \/>Por outro lado, o munic\u00edpio n\u00e3o informou a data exata em que a alta aconteceu, tendo em vista que nas \u00faltimas 24 horas, n\u00e3o houve registro de cura.<\/p>\n<p style=\"text-align: justify;\"><strong>Confira o v\u00eddeo:<\/strong><\/p>\n<div style=\"width: 1280px;\" class=\"wp-video\"><!--[if lt IE 9]><script>document.createElement('video');<\/script><![endif]-->\n<video class=\"wp-video-shortcode\" id=\"video-25638-1\" width=\"1280\" height=\"720\" preload=\"metadata\" controls=\"controls\"><source type=\"video\/mp4\" src=\"https:\/\/www.portalalerta.com.br\/wp-content\/uploads\/2020\/06\/alta-m\u00e9dica-Covid19-em-Ribeira-do-Pombal.mp4?_=1\" \/><a href=\"https:\/\/www.portalalerta.com.br\/wp-content\/uploads\/2020\/06\/alta-m\u00e9dica-Covid19-em-Ribeira-do-Pombal.mp4\">https:\/\/www.portalalerta.com.br\/wp-content\/uploads\/2020\/06\/alta-m\u00e9dica-Covid19-em-Ribeira-do-Pombal.mp4<\/a><\/video><\/div>\n<p style=\"text-align: justify;\"><a href=\"https:\/\/www.portalalerta.com.br\/index.php\/2020\/05\/26\/saiba-como-esta-a-evolucao-do-covid-19-em-ribeira-do-pombal-ba\/\"><strong style=\"font-style: inherit;\">Clique aqui e saiba como est\u00e1 a evolu\u00e7\u00e3o do Covid-19 em Ribeira do Pombal-BA<\/strong><\/a><\/p>\n<p style=\"text-align: justify;\"><em style=\"font-weight: inherit;\">Reda\u00e7\u00e3o: Portal Alerta<\/em><\/p>\n<p style=\"text-align: justify;\"><strong style=\"font-style: inherit;\"><em>#fiqueemcasa\u00a0\u00a0\u00a0\u00a0<\/em><\/strong><\/p>\n<p style=\"text-align: justify;\"><strong style=\"font-style: inherit;\"><em>#usemascaras<\/em><\/strong><\/p>\n","protected":false},"excerpt":{"rendered":"<p>Na manh\u00e3 desta quarta-feira, 17, o munic\u00edpio de Ribeira do Pombal-BA divulgou a alta m\u00e9dica de Dona Clarice, uma idosa que estava internada na Unidade de Pronto Atendimento ao Covid-19 no munic\u00edpio.<\/p>\n","protected":false},"author":2,"featured_media":25639,"comment_status":"open","ping_status":"open","sticky":false,"template":"","format":"standard","meta":{"om_disable_all_campaigns":false,"_monsterinsights_skip_tracking":false,"_monsterinsights_sitenote_active":false,"_monsterinsights_sitenote_note":"","_monsterinsights_sitenote_category":0,"footnotes":""},"categories":[70,69,32,3,19],"tags":[3565,3429,3486,61],"class_list":["post-25638","post","type-post","status-publish","format-standard","has-post-thumbnail","hentry","category-destaques","category-noticias2","category-regiao","category-ribeira-do-pombal","category-saude","tag-alta-medica","tag-coronavirus","tag-covid-19","tag-saude"],"aioseo_notices":[],"_links":{"self":[{"href":"https:\/\/www.portalalerta.com.br\/index.php\/wp-json\/wp\/v2\/posts\/25638","targetHints":{"allow":["GET"]}}],"collection":[{"href":"https:\/\/www.portalalerta.com.br\/index.php\/wp-json\/wp\/v2\/posts"}],"about":[{"href":"https:\/\/www.portalalerta.com.br\/index.php\/wp-json\/wp\/v2\/types\/post"}],"author":[{"embeddable":true,"href":"https:\/\/www.portalalerta.com.br\/index.php\/wp-json\/wp\/v2\/users\/2"}],"replies":[{"embeddable":true,"href":"https:\/\/www.portalalerta.com.br\/index.php\/wp-json\/wp\/v2\/comments?post=25638"}],"version-history":[{"count":1,"href":"https:\/\/www.portalalerta.com.br\/index.php\/wp-json\/wp\/v2\/posts\/25638\/revisions"}],"predecessor-version":[{"id":25641,"href":"https:\/\/www.portalalerta.com.br\/index.php\/wp-json\/wp\/v2\/posts\/25638\/revisions\/25641"}],"wp:featuredmedia":[{"embeddable":true,"href":"https:\/\/www.portalalerta.com.br\/index.php\/wp-json\/wp\/v2\/media\/25639"}],"wp:attachment":[{"href":"https:\/\/www.portalalerta.com.br\/index.php\/wp-json\/wp\/v2\/media?parent=25638"}],"wp:term":[{"taxonomy":"category","embeddable":true,"href":"https:\/\/www.portalalerta.com.br\/index.php\/wp-json\/wp\/v2\/categories?post=25638"},{"taxonomy":"post_tag","embeddable":true,"href":"https:\/\/www.portalalerta.com.br\/index.php\/wp-json\/wp\/v2\/tags?post=25638"}],"curies":[{"name":"wp","href":"https:\/\/api.w.org\/{rel}","templated":true}]}}