{"id":25650,"date":"2020-06-18T10:45:59","date_gmt":"2020-06-18T13:45:59","guid":{"rendered":"https:\/\/www.portalalerta.com.br\/?p=25650"},"modified":"2020-06-18T10:45:59","modified_gmt":"2020-06-18T13:45:59","slug":"fabricio-queiroz-ex-assessor-de-flavio-bolsonaro-e-preso-no-interior-de-sp","status":"publish","type":"post","link":"https:\/\/www.portalalerta.com.br\/index.php\/2020\/06\/18\/fabricio-queiroz-ex-assessor-de-flavio-bolsonaro-e-preso-no-interior-de-sp\/","title":{"rendered":"Fabr\u00edcio Queiroz, ex-assessor de Fl\u00e1vio Bolsonaro, \u00e9 preso no interior de SP"},"content":{"rendered":"<p style=\"text-align: justify;\">Queiroz foi preso em Atibaia, no interior de S\u00e3o Paulo. Segundo a TV Globo, o propriet\u00e1rio da resid\u00eancia \u00e9 Frederick Wassef, advogado de Flavio Bolsonaro.<!--more--><\/p>\n<p style=\"text-align: justify;\">Ainda conforme a emissora, o MP-RJ tamb\u00e9m cumpre mandados de busca e apreens\u00e3o em diversos endere\u00e7os da capital fluminense. Um deles \u00e9 a casa de Bento Ribeiro, im\u00f3vel que aparece na rela\u00e7\u00e3o de bens do presidente\u00a0Jair Bolsonaro\u00a0(sem partido).<\/p>\n<p style=\"text-align: justify;\">Queiroz ser\u00e1 levado para S\u00e3o Paulo, no Pal\u00e1cio da Pol\u00edcia, para procedimentos legais. Posteriormente, ele deve ser transferido ainda nesta quinta-feira para o Rio de Janeiro.<\/p>\n<figure id=\"attachment_25651\" aria-describedby=\"caption-attachment-25651\" style=\"width: 500px\" class=\"wp-caption aligncenter\"><img fetchpriority=\"high\" decoding=\"async\" class=\"wp-image-25651 size-full\" src=\"https:\/\/www.portalalerta.com.br\/wp-content\/uploads\/2020\/06\/pris\u00e3o-de-Fabr\u00edcio-Queiroz.jpg\" alt=\"\" width=\"500\" height=\"300\" srcset=\"https:\/\/www.portalalerta.com.br\/wp-content\/uploads\/2020\/06\/pris\u00e3o-de-Fabr\u00edcio-Queiroz.jpg 500w, https:\/\/www.portalalerta.com.br\/wp-content\/uploads\/2020\/06\/pris\u00e3o-de-Fabr\u00edcio-Queiroz-400x240.jpg 400w, https:\/\/www.portalalerta.com.br\/wp-content\/uploads\/2020\/06\/pris\u00e3o-de-Fabr\u00edcio-Queiroz-243x146.jpg 243w, https:\/\/www.portalalerta.com.br\/wp-content\/uploads\/2020\/06\/pris\u00e3o-de-Fabr\u00edcio-Queiroz-50x30.jpg 50w, https:\/\/www.portalalerta.com.br\/wp-content\/uploads\/2020\/06\/pris\u00e3o-de-Fabr\u00edcio-Queiroz-125x75.jpg 125w, https:\/\/www.portalalerta.com.br\/wp-content\/uploads\/2020\/06\/pris\u00e3o-de-Fabr\u00edcio-Queiroz-250x150.jpg 250w\" sizes=\"(max-width: 500px) 100vw, 500px\" \/><figcaption id=\"caption-attachment-25651\" class=\"wp-caption-text\">Fabr\u00edcio Queiroz \u00e9 preso na casa de advogado de Flavio Bolsonaro &#8211; Foto: Reprodu\u00e7\u00e3o\/TV Globo<\/figcaption><\/figure>\n<p style=\"text-align: justify;\"><strong>Caso Queiroz<\/strong><\/p>\n<p style=\"text-align: justify;\">Policial Militar aposentado, Queiroz movimentou R$ 1,2 milh\u00e3o em sua conta de maneira considerada &#8220;at\u00edpica&#8221;, de acordo com relat\u00f3rio do antigo Conselho de Atividades Financeiras (Coaf). Ele trabalhou para o filho do presidente Jair Bolsonaro antes de Fl\u00e1vio tomar posse como senador, durante o mandato de deputado estadual no Rio de Janeiro.<\/p>\n<p style=\"text-align: justify;\">Al\u00e9m do volume movimentado, chamou a aten\u00e7\u00e3o a forma com que as opera\u00e7\u00f5es se davam: dep\u00f3sitos e saques em dinheiro vivo em datas pr\u00f3ximas do pagamento de servidores da Alerj<\/p>\n<p style=\"text-align: justify;\"><img decoding=\"async\" class=\"size-thumbnail wp-image-25012 aligncenter\" src=\"https:\/\/www.portalalerta.com.br\/wp-content\/uploads\/2020\/06\/real-acordo.1-720x92.jpg\" alt=\"\" width=\"720\" height=\"92\" \/>Figura pol\u00eamica, Queiroz foi assessor e motorista de Flavio Bolsonaro at\u00e9 o fim de 2018, quando acabou exonerado. A investiga\u00e7\u00e3o do MP-RJ que apura as irregularidades de Queiroz na Alerj chegou a ser suspensa depois da decis\u00e3o de Dias Toffoli, presidente do\u00a0Supremo Tribunal Federal\u00a0(STF), ap\u00f3s pedido da defesa de Flavio Bolsonaro em 2019.<\/p>\n<p style=\"text-align: justify;\">Embora estivesse empregado no gabinete de Fl\u00e1vio entre 2007 e 2018, a origem da rela\u00e7\u00e3o de Queiroz com a fam\u00edlia Bolsonaro \u00e9 o presidente da Rep\u00fablica. Os dois se conhecem desde 1984 e pescavam juntos em Angra dos Reis.<\/p>\n<p style=\"text-align: justify;\">O PM aposentado tamb\u00e9m depositou R$ 24 mil na conta da primeira-dama Michelle Bolsonaro em 2016. O presidente afirma se tratar de parte da quita\u00e7\u00e3o de um empr\u00e9stimo de R$ 40 mil.<\/p>\n<p style=\"text-align: justify;\"><em>Fonte: Yahoo Not\u00edcias<\/em><\/p>\n","protected":false},"excerpt":{"rendered":"<p>Queiroz foi preso em Atibaia, no interior de S\u00e3o Paulo. Segundo a TV Globo, o propriet\u00e1rio da resid\u00eancia \u00e9 Frederick Wassef, advogado de Flavio Bolsonaro.<\/p>\n","protected":false},"author":2,"featured_media":20521,"comment_status":"open","ping_status":"open","sticky":false,"template":"","format":"standard","meta":{"om_disable_all_campaigns":false,"_monsterinsights_skip_tracking":false,"_monsterinsights_sitenote_active":false,"_monsterinsights_sitenote_note":"","_monsterinsights_sitenote_category":0,"footnotes":""},"categories":[34,70,69,21],"tags":[93,2031,1976,352,122,174,300,404],"class_list":["post-25650","post","type-post","status-publish","format-standard","has-post-thumbnail","hentry","category-brasil","category-destaques","category-noticias2","category-politica","tag-brasil","tag-fabricio-queiroz","tag-flavio-bolsonaro","tag-ministerio-publico","tag-policia-civil","tag-prisao","tag-rio-de-janeiro","tag-sao-paulo"],"aioseo_notices":[],"_links":{"self":[{"href":"https:\/\/www.portalalerta.com.br\/index.php\/wp-json\/wp\/v2\/posts\/25650","targetHints":{"allow":["GET"]}}],"collection":[{"href":"https:\/\/www.portalalerta.com.br\/index.php\/wp-json\/wp\/v2\/posts"}],"about":[{"href":"https:\/\/www.portalalerta.com.br\/index.php\/wp-json\/wp\/v2\/types\/post"}],"author":[{"embeddable":true,"href":"https:\/\/www.portalalerta.com.br\/index.php\/wp-json\/wp\/v2\/users\/2"}],"replies":[{"embeddable":true,"href":"https:\/\/www.portalalerta.com.br\/index.php\/wp-json\/wp\/v2\/comments?post=25650"}],"version-history":[{"count":1,"href":"https:\/\/www.portalalerta.com.br\/index.php\/wp-json\/wp\/v2\/posts\/25650\/revisions"}],"predecessor-version":[{"id":25652,"href":"https:\/\/www.portalalerta.com.br\/index.php\/wp-json\/wp\/v2\/posts\/25650\/revisions\/25652"}],"wp:featuredmedia":[{"embeddable":true,"href":"https:\/\/www.portalalerta.com.br\/index.php\/wp-json\/wp\/v2\/media\/20521"}],"wp:attachment":[{"href":"https:\/\/www.portalalerta.com.br\/index.php\/wp-json\/wp\/v2\/media?parent=25650"}],"wp:term":[{"taxonomy":"category","embeddable":true,"href":"https:\/\/www.portalalerta.com.br\/index.php\/wp-json\/wp\/v2\/categories?post=25650"},{"taxonomy":"post_tag","embeddable":true,"href":"https:\/\/www.portalalerta.com.br\/index.php\/wp-json\/wp\/v2\/tags?post=25650"}],"curies":[{"name":"wp","href":"https:\/\/api.w.org\/{rel}","templated":true}]}}