{"id":25653,"date":"2020-06-18T10:48:38","date_gmt":"2020-06-18T13:48:38","guid":{"rendered":"https:\/\/www.portalalerta.com.br\/?p=25653"},"modified":"2020-06-18T10:48:38","modified_gmt":"2020-06-18T13:48:38","slug":"duas-criancas-testaram-positivo-para-a-covid-19-em-banzae-ba-e-numero-de-infectados-sobe-para-15-no-municipio","status":"publish","type":"post","link":"https:\/\/www.portalalerta.com.br\/index.php\/2020\/06\/18\/duas-criancas-testaram-positivo-para-a-covid-19-em-banzae-ba-e-numero-de-infectados-sobe-para-15-no-municipio\/","title":{"rendered":"Duas crian\u00e7as testaram positivo para a Covid-19 em Banza\u00ea-BA, e n\u00famero de infectados sobe para 15 no munic\u00edpio"},"content":{"rendered":"<p style=\"text-align: justify;\">Na \u00faltima quarta-feira, 17, o munic\u00edpio de Banza\u00ea-BA divulgou uma nota em que confirmou mais dois casos de Covid-19 (Coronav\u00edrus) no munic\u00edpio. Os pacientes foram identificados como duas crian\u00e7as, de 04 e 11 anos de idade, rec\u00e9m chegadas de S\u00e3o Paulo.<!--more--><\/p>\n<p style=\"text-align: justify;\"><img fetchpriority=\"high\" decoding=\"async\" class=\"size-thumbnail wp-image-9394 alignleft\" src=\"https:\/\/www.portalalerta.com.br\/wp-content\/uploads\/2018\/07\/05elab-320x240.jpg\" alt=\"\" width=\"320\" height=\"240\" srcset=\"https:\/\/www.portalalerta.com.br\/wp-content\/uploads\/2018\/07\/05elab-320x240.jpg 320w, https:\/\/www.portalalerta.com.br\/wp-content\/uploads\/2018\/07\/05elab-195x146.jpg 195w, https:\/\/www.portalalerta.com.br\/wp-content\/uploads\/2018\/07\/05elab-50x38.jpg 50w, https:\/\/www.portalalerta.com.br\/wp-content\/uploads\/2018\/07\/05elab-100x75.jpg 100w, https:\/\/www.portalalerta.com.br\/wp-content\/uploads\/2018\/07\/05elab.jpg 400w\" sizes=\"(max-width: 320px) 100vw, 320px\" \/>Ainda de acordo com o documento, as duas crian\u00e7as est\u00e3o com seus respectivos quadros cl\u00ednicos est\u00e1veis, n\u00e3o tendo registros de doen\u00e7as pr\u00e9 existentes, por\u00e9m se encontram em isolamento domiciliar sendo monitoradas por equipes da vigil\u00e2ncia epidemiol\u00f3gica do munic\u00edpio.<\/p>\n<p style=\"text-align: justify;\">Desta forma, sobe para 15 o n\u00famero total de infectados, sendo que apenas quatro permanecem ativos, com um registro de interna\u00e7\u00e3o. 11 pessoas j\u00e1 foram curadas, fazendo com que o munic\u00edpio tenha uma taxa de cura de 73%.<\/p>\n<p style=\"text-align: justify;\"><a href=\"https:\/\/www.portalalerta.com.br\/index.php\/2020\/05\/27\/saiba-como-esta-a-evolucao-do-covid-19-em-banzae-ba\/\"><strong style=\"font-style: inherit;\">Clique aqui e saiba como est\u00e1 a evolu\u00e7\u00e3o do Covid-19 em Banza\u00ea-BA<\/strong><\/a><\/p>\n<p style=\"text-align: justify;\"><em style=\"font-weight: inherit;\">Reda\u00e7\u00e3o: Portal Alerta<\/em><\/p>\n<p style=\"text-align: justify;\"><strong style=\"font-style: inherit;\"><em>#fiqueemcasa<\/em><\/strong><\/p>\n<p style=\"text-align: justify;\"><em style=\"font-weight: inherit;\"><strong>#usemascaras<\/strong><\/em><\/p>\n","protected":false},"excerpt":{"rendered":"<p>Na \u00faltima quarta-feira, 17, o munic\u00edpio de Banza\u00ea-BA divulgou uma nota em que confirmou mais dois casos de Covid-19 (Coronav\u00edrus) no munic\u00edpio. Os pacientes foram identificados como duas crian\u00e7as, de 04 e 11 anos de idade, rec\u00e9m chegadas de S\u00e3o Paulo.<\/p>\n","protected":false},"author":2,"featured_media":24198,"comment_status":"open","ping_status":"open","sticky":false,"template":"","format":"standard","meta":{"om_disable_all_campaigns":false,"_monsterinsights_skip_tracking":false,"_monsterinsights_sitenote_active":false,"_monsterinsights_sitenote_note":"","_monsterinsights_sitenote_category":0,"footnotes":""},"categories":[39,70,69,32,19],"tags":[49,3429,3486,61],"class_list":["post-25653","post","type-post","status-publish","format-standard","has-post-thumbnail","hentry","category-banzae","category-destaques","category-noticias2","category-regiao","category-saude","tag-banzae","tag-coronavirus","tag-covid-19","tag-saude"],"aioseo_notices":[],"_links":{"self":[{"href":"https:\/\/www.portalalerta.com.br\/index.php\/wp-json\/wp\/v2\/posts\/25653","targetHints":{"allow":["GET"]}}],"collection":[{"href":"https:\/\/www.portalalerta.com.br\/index.php\/wp-json\/wp\/v2\/posts"}],"about":[{"href":"https:\/\/www.portalalerta.com.br\/index.php\/wp-json\/wp\/v2\/types\/post"}],"author":[{"embeddable":true,"href":"https:\/\/www.portalalerta.com.br\/index.php\/wp-json\/wp\/v2\/users\/2"}],"replies":[{"embeddable":true,"href":"https:\/\/www.portalalerta.com.br\/index.php\/wp-json\/wp\/v2\/comments?post=25653"}],"version-history":[{"count":1,"href":"https:\/\/www.portalalerta.com.br\/index.php\/wp-json\/wp\/v2\/posts\/25653\/revisions"}],"predecessor-version":[{"id":25654,"href":"https:\/\/www.portalalerta.com.br\/index.php\/wp-json\/wp\/v2\/posts\/25653\/revisions\/25654"}],"wp:featuredmedia":[{"embeddable":true,"href":"https:\/\/www.portalalerta.com.br\/index.php\/wp-json\/wp\/v2\/media\/24198"}],"wp:attachment":[{"href":"https:\/\/www.portalalerta.com.br\/index.php\/wp-json\/wp\/v2\/media?parent=25653"}],"wp:term":[{"taxonomy":"category","embeddable":true,"href":"https:\/\/www.portalalerta.com.br\/index.php\/wp-json\/wp\/v2\/categories?post=25653"},{"taxonomy":"post_tag","embeddable":true,"href":"https:\/\/www.portalalerta.com.br\/index.php\/wp-json\/wp\/v2\/tags?post=25653"}],"curies":[{"name":"wp","href":"https:\/\/api.w.org\/{rel}","templated":true}]}}