{"id":25665,"date":"2020-06-18T15:07:30","date_gmt":"2020-06-18T18:07:30","guid":{"rendered":"https:\/\/www.portalalerta.com.br\/?p=25665"},"modified":"2020-06-18T15:07:30","modified_gmt":"2020-06-18T18:07:30","slug":"policia-civil-cumpre-mandado-de-busca-e-apreensao-em-casa-que-pertence-ao-presidente-bolsonaro-no-rj","status":"publish","type":"post","link":"https:\/\/www.portalalerta.com.br\/index.php\/2020\/06\/18\/policia-civil-cumpre-mandado-de-busca-e-apreensao-em-casa-que-pertence-ao-presidente-bolsonaro-no-rj\/","title":{"rendered":"Pol\u00edcia Civil cumpre mandado de busca e apreens\u00e3o em casa que pertence ao presidente Bolsonaro no RJ"},"content":{"rendered":"<p style=\"text-align: justify;\">A Pol\u00edcia Civil e o Minist\u00e9rio P\u00fablico do Rio de Janeiro (MP-RJ) cumprem, na manh\u00e3 desta quinta-feira (18), um mandado de busca e apreens\u00e3o em uma casa que pertence ao presidente\u00a0Jair Bolsonaro\u00a0(sem partido), na Zona Norte da capital fluminense. As informa\u00e7\u00f5es s\u00e3o da TV Globo.<!--more--><\/p>\n<p style=\"text-align: justify;\">Os mandados fazem parte da \u201cOpera\u00e7\u00e3o Anjo\u201d, realizada pela Pol\u00edcia Civil e pelo MP-RJ, no contexto das investiga\u00e7\u00f5es acerca do esquema de rachadinha na Assembleia Legislativa do Rio de Janeiro (Alerj). Nesta quinta-feira (18),\u00a0Fabr\u00edcio Queiroz, ex-assessor do senador\u00a0Flavio Bolsonaro\u00a0(Republicanos-RJ).<\/p>\n<p style=\"text-align: justify;\">Ainda conforme a emissora, o im\u00f3vel foi usado como um dos comit\u00eas de campanha eleitoral de Bolsonaro. O agora presidente teria realizado at\u00e9 uma agenda p\u00fablica na resid\u00eancia durante a campanha eleitoral.<\/p>\n<p style=\"text-align: justify;\">Quando a Pol\u00edcia Civil chegou ao local, foi constatado que a resid\u00eancia estava vazia. As informa\u00e7\u00f5es d\u00e3o conta que Alessandra Esteve Marins, ligada ao gabinete do senador Fl\u00e1vio Bolsonaro, morava na casa e a deixou h\u00e1 mais de um m\u00eas.<\/p>\n<p style=\"text-align: justify;\"><img fetchpriority=\"high\" decoding=\"async\" class=\"size-thumbnail wp-image-4869 aligncenter\" src=\"https:\/\/www.portalalerta.com.br\/wp-content\/uploads\/2018\/02\/Auto-Escola-Nobre-720x181.jpg\" alt=\"\" width=\"720\" height=\"181\" srcset=\"https:\/\/www.portalalerta.com.br\/wp-content\/uploads\/2018\/02\/Auto-Escola-Nobre.jpg 720w, https:\/\/www.portalalerta.com.br\/wp-content\/uploads\/2018\/02\/Auto-Escola-Nobre-260x65.jpg 260w, https:\/\/www.portalalerta.com.br\/wp-content\/uploads\/2018\/02\/Auto-Escola-Nobre-50x13.jpg 50w, https:\/\/www.portalalerta.com.br\/wp-content\/uploads\/2018\/02\/Auto-Escola-Nobre-150x38.jpg 150w\" sizes=\"(max-width: 720px) 100vw, 720px\" \/>De acordo com o Minist\u00e9rio P\u00fablico, o mandado na casa de Bento Ribeiro \u00e9 cumprido contra Alessandra, que tamb\u00e9m j\u00e1 foi servidora da Alerj. Segundo a TV Globo, tamb\u00e9m s\u00e3o alvo da opera\u00e7\u00e3o a ex-servidora da Alerj Luiza Paes Sousa, Matheus Azeredo Coutinho, que ainda \u00e9 funcion\u00e1rio da Casa Legislativa, e o advogado Luis Gustavo Botto Maia.<\/p>\n<p style=\"text-align: justify;\">Os investigados devem ser afastados da fun\u00e7\u00e3o p\u00fablica e tem a obriga\u00e7\u00e3o de se apresentar \u00e0 Justi\u00e7a mensalmente.<\/p>\n<p style=\"text-align: justify;\"><strong>Fabr\u00edcio Queiroz preso<\/strong><\/p>\n<p style=\"text-align: justify;\">O Minist\u00e9rio P\u00fablico do Rio de Janeiro prendeu no in\u00edcio desta quinta-feira o ex-assessor do senador Fl\u00e1vio Bolsonaro (Republicanos-RJ), Fabr\u00edcio Queiroz.<\/p>\n<p style=\"text-align: justify;\">Queiroz e Flavio Bolsonaro s\u00e3o investigados pelo esquema da rachadinha na Assembleia Legislativa do Rio de Janeiro (Alerj).<\/p>\n<p style=\"text-align: justify;\">Queiroz foi preso em Atibaia, no interior de S\u00e3o Paulo. Segundo a TV Globo, o propriet\u00e1rio da resid\u00eancia \u00e9 Frederick Wassef, advogado de Flavio Bolsonaro.<\/p>\n<p style=\"text-align: justify;\">Queiroz ser\u00e1 levado para S\u00e3o Paulo, no Pal\u00e1cio da Pol\u00edcia, para procedimentos legais. Posteriormente, ele deve ser transferido ainda nesta quinta-feira para o Rio de Janeiro.<\/p>\n<p style=\"text-align: justify;\"><strong>Caso Queiroz<\/strong><\/p>\n<p style=\"text-align: justify;\">Policial Militar aposentado, Queiroz movimentou R$ 1,2 milh\u00e3o em sua conta de maneira considerada &#8220;at\u00edpica&#8221;, de acordo com relat\u00f3rio do antigo Conselho de Atividades Financeiras (Coaf). Ele trabalhou para o filho do presidente Jair Bolsonaro antes de Fl\u00e1vio tomar posse como senador, durante o mandato de deputado estadual no Rio de Janeiro.<\/p>\n<p style=\"text-align: justify;\">Al\u00e9m do volume movimentado, chamou a aten\u00e7\u00e3o a forma com que as opera\u00e7\u00f5es se davam: dep\u00f3sitos e saques em dinheiro vivo em datas pr\u00f3ximas do pagamento de servidores da Alerj<\/p>\n<p style=\"text-align: justify;\">Figura pol\u00eamica, Queiroz foi assessor e motorista de Flavio Bolsonaro at\u00e9 o fim de 2018, quando acabou exonerado. A investiga\u00e7\u00e3o do MP-RJ que apura as irregularidades de Queiroz na Alerj chegou a ser suspensa depois da decis\u00e3o de Dias Toffoli, presidente do Supremo Tribunal Federal (STF), ap\u00f3s pedido da defesa de Flavio Bolsonaro em 2019.<\/p>\n<p style=\"text-align: justify;\">Embora estivesse empregado no gabinete de Fl\u00e1vio entre 2007 e 2018, a origem da rela\u00e7\u00e3o de Queiroz com a fam\u00edlia Bolsonaro \u00e9 o presidente da Rep\u00fablica. Os dois se conhecem desde 1984 e pescavam juntos em Angra dos Reis.<\/p>\n<p style=\"text-align: justify;\">O PM aposentado tamb\u00e9m depositou R$ 24 mil na conta da primeira-dama Michelle Bolsonaro em 2016. O presidente afirma se tratar de parte da quita\u00e7\u00e3o de um empr\u00e9stimo de R$ 40 mil.<\/p>\n<p style=\"text-align: justify;\"><em>Fonte: Yahoo Noticias<\/em><\/p>\n","protected":false},"excerpt":{"rendered":"<p>A Pol\u00edcia Civil e o Minist\u00e9rio P\u00fablico do Rio de Janeiro (MP-RJ) cumprem, na manh\u00e3 desta quinta-feira (18), um mandado de busca e apreens\u00e3o em uma casa que pertence ao presidente\u00a0Jair Bolsonaro\u00a0(sem partido), na Zona Norte da capital fluminense. As informa\u00e7\u00f5es s\u00e3o da TV Globo.<\/p>\n","protected":false},"author":2,"featured_media":25666,"comment_status":"open","ping_status":"open","sticky":false,"template":"","format":"standard","meta":{"om_disable_all_campaigns":false,"_monsterinsights_skip_tracking":false,"_monsterinsights_sitenote_active":false,"_monsterinsights_sitenote_note":"","_monsterinsights_sitenote_category":0,"footnotes":""},"categories":[34,70,69,21],"tags":[93,2535,2031,1395,122,199],"class_list":["post-25665","post","type-post","status-publish","format-standard","has-post-thumbnail","hentry","category-brasil","category-destaques","category-noticias2","category-politica","tag-brasil","tag-busca-e-apreensao","tag-fabricio-queiroz","tag-jair-bolsonaro","tag-policia-civil","tag-politica"],"aioseo_notices":[],"_links":{"self":[{"href":"https:\/\/www.portalalerta.com.br\/index.php\/wp-json\/wp\/v2\/posts\/25665","targetHints":{"allow":["GET"]}}],"collection":[{"href":"https:\/\/www.portalalerta.com.br\/index.php\/wp-json\/wp\/v2\/posts"}],"about":[{"href":"https:\/\/www.portalalerta.com.br\/index.php\/wp-json\/wp\/v2\/types\/post"}],"author":[{"embeddable":true,"href":"https:\/\/www.portalalerta.com.br\/index.php\/wp-json\/wp\/v2\/users\/2"}],"replies":[{"embeddable":true,"href":"https:\/\/www.portalalerta.com.br\/index.php\/wp-json\/wp\/v2\/comments?post=25665"}],"version-history":[{"count":1,"href":"https:\/\/www.portalalerta.com.br\/index.php\/wp-json\/wp\/v2\/posts\/25665\/revisions"}],"predecessor-version":[{"id":25667,"href":"https:\/\/www.portalalerta.com.br\/index.php\/wp-json\/wp\/v2\/posts\/25665\/revisions\/25667"}],"wp:featuredmedia":[{"embeddable":true,"href":"https:\/\/www.portalalerta.com.br\/index.php\/wp-json\/wp\/v2\/media\/25666"}],"wp:attachment":[{"href":"https:\/\/www.portalalerta.com.br\/index.php\/wp-json\/wp\/v2\/media?parent=25665"}],"wp:term":[{"taxonomy":"category","embeddable":true,"href":"https:\/\/www.portalalerta.com.br\/index.php\/wp-json\/wp\/v2\/categories?post=25665"},{"taxonomy":"post_tag","embeddable":true,"href":"https:\/\/www.portalalerta.com.br\/index.php\/wp-json\/wp\/v2\/tags?post=25665"}],"curies":[{"name":"wp","href":"https:\/\/api.w.org\/{rel}","templated":true}]}}