{"id":25672,"date":"2020-06-18T15:30:37","date_gmt":"2020-06-18T18:30:37","guid":{"rendered":"https:\/\/www.portalalerta.com.br\/?p=25672"},"modified":"2020-06-18T15:30:37","modified_gmt":"2020-06-18T18:30:37","slug":"fatima-ba-registra-dois-casos-de-covid-19","status":"publish","type":"post","link":"https:\/\/www.portalalerta.com.br\/index.php\/2020\/06\/18\/fatima-ba-registra-dois-casos-de-covid-19\/","title":{"rendered":"F\u00e1tima-BA registra dois casos de Covid-19"},"content":{"rendered":"<p style=\"text-align: justify;\">Na noite da ultima quarta-feira, 17, o prefeito de F\u00e1tima-BA Manoel Missias (Sorria), acompanhado da Secret\u00e1ria Municipal de Sa\u00fade, Glaziele Fontes, anunciaram o que chamaram de dois primeiros casos de Covid-19 (Coronav\u00edrus) da cidade.<!--more--><\/p>\n<p style=\"text-align: justify;\">De acordo com o gestor, os casos se referem a um homem de 31 anos de idade, oriundo do Estado de S\u00e3o Paulo, e uma mulher de 29 anos oriunda de Aracaju-SE. Ambos foram constatados como positivos para a doen\u00e7a atrav\u00e9s de testes r\u00e1pidos.<\/p>\n<p style=\"text-align: justify;\"><img fetchpriority=\"high\" decoding=\"async\" class=\"size-thumbnail wp-image-25012 aligncenter\" src=\"https:\/\/www.portalalerta.com.br\/wp-content\/uploads\/2020\/06\/real-acordo.1-720x92.jpg\" alt=\"\" width=\"720\" height=\"92\" \/>A secret\u00e1ria por sua vez, contestou os dados divulgados anteriormente pelo Boletim Epidemiol\u00f3gico do Governo do Estado, em que aponta dois casos anteriores como do munic\u00edpio, e que segundo a secret\u00e1ria s\u00e3o de outras cidades. Caso o governo do Estado mantenha estes dados, ao inv\u00e9s de dois infectados, sobe para quatro o n\u00famero total de infectados. Confira o v\u00eddeo:<\/p>\n<p><iframe title=\"Coronav\u00edrus em F\u00e1tima 2020\" width=\"500\" height=\"281\" src=\"https:\/\/www.youtube.com\/embed\/JgFGs3USbPo?feature=oembed\" frameborder=\"0\" allow=\"accelerometer; autoplay; clipboard-write; encrypted-media; gyroscope; picture-in-picture; web-share\" referrerpolicy=\"strict-origin-when-cross-origin\" allowfullscreen><\/iframe><\/p>\n<p style=\"text-align: justify;\">Atualmente F\u00e1tima-BA possui apenas dois casos ativos.<\/p>\n<p style=\"text-align: justify;\"><a href=\"https:\/\/www.portalalerta.com.br\/index.php\/2020\/05\/31\/saiba-como-esta-a-evolucao-do-covid-19-em-fatima-ba\/\"><strong>Clique aqui e saiba como est\u00e1 a evolu\u00e7\u00e3o do Covid-19 em F\u00e1tima-BA<\/strong><\/a><\/p>\n<p style=\"text-align: justify;\"><em>Reda\u00e7\u00e3o: Portal Alerta<\/em><\/p>\n<p style=\"text-align: justify;\"><strong><em>#fiqueemcasa<\/em><\/strong><\/p>\n<p style=\"text-align: justify;\"><strong><em>#usemascaras<\/em><\/strong><\/p>\n<p style=\"text-align: justify;\">\n","protected":false},"excerpt":{"rendered":"<p>Na noite da ultima quarta-feira, 17, o prefeito de F\u00e1tima-BA Manoel Missias (Sorria), acompanhado da Secret\u00e1ria Municipal de Sa\u00fade, Glaziele Fontes, anunciaram o que chamaram de dois primeiros casos de Covid-19 (Coronav\u00edrus) da cidade.<\/p>\n","protected":false},"author":2,"featured_media":25673,"comment_status":"open","ping_status":"open","sticky":false,"template":"","format":"standard","meta":{"om_disable_all_campaigns":false,"_monsterinsights_skip_tracking":false,"_monsterinsights_sitenote_active":false,"_monsterinsights_sitenote_note":"","_monsterinsights_sitenote_category":0,"footnotes":""},"categories":[70,10,69,32,19,68],"tags":[3429,3486,107,198,61,433],"class_list":["post-25672","post","type-post","status-publish","format-standard","has-post-thumbnail","hentry","category-destaques","category-fatima","category-noticias2","category-regiao","category-saude","category-videos","tag-coronavirus","tag-covid-19","tag-fatima","tag-prefeito","tag-saude","tag-secretaria-de-saude"],"aioseo_notices":[],"_links":{"self":[{"href":"https:\/\/www.portalalerta.com.br\/index.php\/wp-json\/wp\/v2\/posts\/25672","targetHints":{"allow":["GET"]}}],"collection":[{"href":"https:\/\/www.portalalerta.com.br\/index.php\/wp-json\/wp\/v2\/posts"}],"about":[{"href":"https:\/\/www.portalalerta.com.br\/index.php\/wp-json\/wp\/v2\/types\/post"}],"author":[{"embeddable":true,"href":"https:\/\/www.portalalerta.com.br\/index.php\/wp-json\/wp\/v2\/users\/2"}],"replies":[{"embeddable":true,"href":"https:\/\/www.portalalerta.com.br\/index.php\/wp-json\/wp\/v2\/comments?post=25672"}],"version-history":[{"count":1,"href":"https:\/\/www.portalalerta.com.br\/index.php\/wp-json\/wp\/v2\/posts\/25672\/revisions"}],"predecessor-version":[{"id":25674,"href":"https:\/\/www.portalalerta.com.br\/index.php\/wp-json\/wp\/v2\/posts\/25672\/revisions\/25674"}],"wp:featuredmedia":[{"embeddable":true,"href":"https:\/\/www.portalalerta.com.br\/index.php\/wp-json\/wp\/v2\/media\/25673"}],"wp:attachment":[{"href":"https:\/\/www.portalalerta.com.br\/index.php\/wp-json\/wp\/v2\/media?parent=25672"}],"wp:term":[{"taxonomy":"category","embeddable":true,"href":"https:\/\/www.portalalerta.com.br\/index.php\/wp-json\/wp\/v2\/categories?post=25672"},{"taxonomy":"post_tag","embeddable":true,"href":"https:\/\/www.portalalerta.com.br\/index.php\/wp-json\/wp\/v2\/tags?post=25672"}],"curies":[{"name":"wp","href":"https:\/\/api.w.org\/{rel}","templated":true}]}}