{"id":25675,"date":"2020-06-18T15:46:48","date_gmt":"2020-06-18T18:46:48","guid":{"rendered":"https:\/\/www.portalalerta.com.br\/?p=25675"},"modified":"2020-06-18T15:46:48","modified_gmt":"2020-06-18T18:46:48","slug":"camara-aprova-texto-da-mp-que-muda-regras-trabalhistas-durante-pandemia","status":"publish","type":"post","link":"https:\/\/www.portalalerta.com.br\/index.php\/2020\/06\/18\/camara-aprova-texto-da-mp-que-muda-regras-trabalhistas-durante-pandemia\/","title":{"rendered":"C\u00e2mara aprova texto da MP que muda regras trabalhistas durante pandemia"},"content":{"rendered":"<p style=\"text-align: justify;\">A C\u00e2mara dos Deputados aprovou nesta quarta-feira (17) o texto-base da Medida Provis\u00f3ria 927, que flexibiliza normas trabalhistas durante a pandemia do novo coronav\u00edrus. A informa\u00e7\u00e3o foi divulgada pelo jornal O Globo.<!--more--><\/p>\n<p style=\"text-align: justify;\"><img fetchpriority=\"high\" decoding=\"async\" class=\"size-thumbnail wp-image-9394 alignleft\" src=\"https:\/\/www.portalalerta.com.br\/wp-content\/uploads\/2018\/07\/05elab-320x240.jpg\" alt=\"\" width=\"320\" height=\"240\" srcset=\"https:\/\/www.portalalerta.com.br\/wp-content\/uploads\/2018\/07\/05elab-320x240.jpg 320w, https:\/\/www.portalalerta.com.br\/wp-content\/uploads\/2018\/07\/05elab-195x146.jpg 195w, https:\/\/www.portalalerta.com.br\/wp-content\/uploads\/2018\/07\/05elab-50x38.jpg 50w, https:\/\/www.portalalerta.com.br\/wp-content\/uploads\/2018\/07\/05elab-100x75.jpg 100w, https:\/\/www.portalalerta.com.br\/wp-content\/uploads\/2018\/07\/05elab.jpg 400w\" sizes=\"(max-width: 320px) 100vw, 320px\" \/>A MP estabelece regras para o teletrabalho, como o home office, autoriza a concess\u00e3o de f\u00e9rias coletivas, al\u00e9m de antecipa\u00e7\u00e3o de feriados e f\u00e9rias enquanto durar o estado de calamidade p\u00fablica. O projeto ainda precisa ser apreciado pelo Senado Federal.<\/p>\n<p style=\"text-align: justify;\">Segundo a MP, a aprova\u00e7\u00e3o de qualquer uma das medidas se dar\u00e1 por meio de acordo individual entre o empregado ou empregador, que \u201cter\u00e1 preponder\u00e2ncia sobre os demais instrumentos normativos, legais e negociais, respeitados os limites estabelecidos na Constitui\u00e7\u00e3o.\u201d<\/p>\n<p style=\"text-align: justify;\"><em>Fonte: R\u00e1dio Povo<\/em><\/p>\n<p style=\"text-align: justify;\"><em>Com informa\u00e7\u00f5es: \u00a0Metro1<\/em><\/p>\n","protected":false},"excerpt":{"rendered":"<p>A C\u00e2mara dos Deputados aprovou nesta quarta-feira (17) o texto-base da Medida Provis\u00f3ria 927, que flexibiliza normas trabalhistas durante a pandemia do novo coronav\u00edrus. A informa\u00e7\u00e3o foi divulgada pelo jornal O Globo.<\/p>\n","protected":false},"author":2,"featured_media":3305,"comment_status":"open","ping_status":"open","sticky":false,"template":"","format":"standard","meta":{"om_disable_all_campaigns":false,"_monsterinsights_skip_tracking":false,"_monsterinsights_sitenote_active":false,"_monsterinsights_sitenote_note":"","_monsterinsights_sitenote_category":0,"footnotes":""},"categories":[34,70,69,21],"tags":[93,3429,3486,3741,3742,199,61],"class_list":["post-25675","post","type-post","status-publish","format-standard","has-post-thumbnail","hentry","category-brasil","category-destaques","category-noticias2","category-politica","tag-brasil","tag-coronavirus","tag-covid-19","tag-leis-trabalhistas","tag-pandemia","tag-politica","tag-saude"],"aioseo_notices":[],"_links":{"self":[{"href":"https:\/\/www.portalalerta.com.br\/index.php\/wp-json\/wp\/v2\/posts\/25675","targetHints":{"allow":["GET"]}}],"collection":[{"href":"https:\/\/www.portalalerta.com.br\/index.php\/wp-json\/wp\/v2\/posts"}],"about":[{"href":"https:\/\/www.portalalerta.com.br\/index.php\/wp-json\/wp\/v2\/types\/post"}],"author":[{"embeddable":true,"href":"https:\/\/www.portalalerta.com.br\/index.php\/wp-json\/wp\/v2\/users\/2"}],"replies":[{"embeddable":true,"href":"https:\/\/www.portalalerta.com.br\/index.php\/wp-json\/wp\/v2\/comments?post=25675"}],"version-history":[{"count":2,"href":"https:\/\/www.portalalerta.com.br\/index.php\/wp-json\/wp\/v2\/posts\/25675\/revisions"}],"predecessor-version":[{"id":25677,"href":"https:\/\/www.portalalerta.com.br\/index.php\/wp-json\/wp\/v2\/posts\/25675\/revisions\/25677"}],"wp:featuredmedia":[{"embeddable":true,"href":"https:\/\/www.portalalerta.com.br\/index.php\/wp-json\/wp\/v2\/media\/3305"}],"wp:attachment":[{"href":"https:\/\/www.portalalerta.com.br\/index.php\/wp-json\/wp\/v2\/media?parent=25675"}],"wp:term":[{"taxonomy":"category","embeddable":true,"href":"https:\/\/www.portalalerta.com.br\/index.php\/wp-json\/wp\/v2\/categories?post=25675"},{"taxonomy":"post_tag","embeddable":true,"href":"https:\/\/www.portalalerta.com.br\/index.php\/wp-json\/wp\/v2\/tags?post=25675"}],"curies":[{"name":"wp","href":"https:\/\/api.w.org\/{rel}","templated":true}]}}