{"id":25683,"date":"2020-06-18T18:12:33","date_gmt":"2020-06-18T21:12:33","guid":{"rendered":"https:\/\/www.portalalerta.com.br\/?p=25683"},"modified":"2020-06-18T18:12:33","modified_gmt":"2020-06-18T21:12:33","slug":"abraham-weintraub-anuncia-saida-do-ministerio-da-educacao","status":"publish","type":"post","link":"https:\/\/www.portalalerta.com.br\/index.php\/2020\/06\/18\/abraham-weintraub-anuncia-saida-do-ministerio-da-educacao\/","title":{"rendered":"Abraham Weintraub anuncia sa\u00edda do Minist\u00e9rio da Educa\u00e7\u00e3o"},"content":{"rendered":"<p style=\"text-align: justify;\">Em v\u00eddeo publicado nas redes sociais\u00a0nesta\u00a0quinta-feira (18), o economista Abraham Weintraub anunciou sua sa\u00edda do cargo de ministro da Educa\u00e7\u00e3o, que ocupava desde abril de 2019. Na grava\u00e7\u00e3o, ele aparece ao\u00a0lado do presidente Jair Bolsonaro.<!--more--><\/p>\n<p style=\"text-align: justify;\">Os rumores da sa\u00edda do ministro se intensificaram ao longo dessa semana, especialmente ap\u00f3s a participa\u00e7\u00e3o dele em manifesta\u00e7\u00f5es de apoiadores do governo no domingo.\u00a0Weintraub \u00e9\u00a0investigado em inqu\u00e9rito sobre fake news, que tramita no Supremo Tribunal Federal (STF), e tamb\u00e9m responde\u00a0uma apura\u00e7\u00e3o na Corte por racismo por\u00a0ter\u00a0publicado um coment\u00e1rio depreciativo sobre a China.<\/p>\n<p style=\"text-align: justify;\">&#8220;Sim, dessa vez \u00e9 verdade. Eu t\u00f4\u00a0saindo do MEC [Minist\u00e9rio da Educa\u00e7\u00e3o], vou come\u00e7ar a transi\u00e7\u00e3o agora e, nos pr\u00f3ximos dias, passo o bast\u00e3o para o ministro que vai ficar no meu lugar, interino ou defnitivo&#8221;, afirmou Weintraub. Ele anunciou, na sequ\u00eancia, que assumir\u00e1 um cargo de diretor no Banco Mundial, que tem sede em Washington, nos Estados Unidos.<\/p>\n<p style=\"text-align: justify;\"><img fetchpriority=\"high\" decoding=\"async\" class=\"size-thumbnail wp-image-25012 aligncenter\" src=\"https:\/\/www.portalalerta.com.br\/wp-content\/uploads\/2020\/06\/real-acordo.1-720x92.jpg\" alt=\"\" width=\"720\" height=\"92\" \/>&#8220;N\u00e3o quero discutir os motivos da minha sa\u00edda, n\u00e3o cabe. O importante \u00e9 dizer que recebi o convite para ser diretor de um banco, eu j\u00e1 fui diretor de um banco no passado, volto ao mesmo cargo, por\u00e9m, no Banco Mundial. O presidente j\u00e1 referendou. Com isso, eu, a minha esposa, os nossos filhos, e at\u00e9 a nossa cachorrinha, Capitu, a gente vai ter a seguran\u00e7a que\u00a0hoje\u00a0me est\u00e1 deixando preocupado&#8221;, acrescentou.<\/p>\n<p style=\"text-align: justify;\">O agora ex-ministro disse que seguir\u00e1 apoiando o presidente da Rep\u00fablica e que compartilha dos mesmos valores, citando\u00a0fam\u00edlia, liberdade, franqueza e patriotismo.\u00a0Ap\u00f3s o an\u00fancio de Weintraub, Jair Bolsonaro declarou que o &#8220;momento \u00e9 dif\u00edcil&#8221;, mas que mant\u00e9m os mesmos compromissos assumidos durante a campanha.<\/p>\n<p style=\"text-align: justify;\">&#8220;\u00c9 um momento dif\u00edcil. Todos os meus compromissos de campanha continuam em p\u00e9, e busco implement\u00e1-los da melhor maneira poss\u00edvel. Todos que est\u00e3o nos ouvindo agora s\u00e3o maiores de idade e sabem o que o Brasil est\u00e1 passando, e o momento \u00e9 de confian\u00e7a. Jamais deixaremos de lutar por liberdade&#8221;, afirmou.<\/p>\n<p style=\"text-align: justify;\">O governo ainda n\u00e3o confirmou quem assumir\u00e1 o MEC no lugar de Abraham Weintraub.<\/p>\n<p style=\"text-align: justify;\"><em>Fonte: Ag\u00eancia Brasil<\/em><\/p>\n","protected":false},"excerpt":{"rendered":"<p>Em v\u00eddeo publicado nas redes sociais\u00a0nesta\u00a0quinta-feira (18), o economista Abraham Weintraub anunciou sua sa\u00edda do cargo de ministro da Educa\u00e7\u00e3o, que ocupava desde abril de 2019. Na grava\u00e7\u00e3o, ele aparece ao\u00a0lado do presidente Jair Bolsonaro.<\/p>\n","protected":false},"author":2,"featured_media":16605,"comment_status":"open","ping_status":"open","sticky":false,"template":"","format":"standard","meta":{"om_disable_all_campaigns":false,"_monsterinsights_skip_tracking":false,"_monsterinsights_sitenote_active":false,"_monsterinsights_sitenote_note":"","_monsterinsights_sitenote_category":0,"footnotes":""},"categories":[34,70,20,69,21],"tags":[2530,93,616,140,1436,199],"class_list":["post-25683","post","type-post","status-publish","format-standard","has-post-thumbnail","hentry","category-brasil","category-destaques","category-educacao","category-noticias2","category-politica","tag-abraham-weintraub","tag-brasil","tag-demissao","tag-educacao","tag-ministerio-da-educacao","tag-politica"],"aioseo_notices":[],"_links":{"self":[{"href":"https:\/\/www.portalalerta.com.br\/index.php\/wp-json\/wp\/v2\/posts\/25683","targetHints":{"allow":["GET"]}}],"collection":[{"href":"https:\/\/www.portalalerta.com.br\/index.php\/wp-json\/wp\/v2\/posts"}],"about":[{"href":"https:\/\/www.portalalerta.com.br\/index.php\/wp-json\/wp\/v2\/types\/post"}],"author":[{"embeddable":true,"href":"https:\/\/www.portalalerta.com.br\/index.php\/wp-json\/wp\/v2\/users\/2"}],"replies":[{"embeddable":true,"href":"https:\/\/www.portalalerta.com.br\/index.php\/wp-json\/wp\/v2\/comments?post=25683"}],"version-history":[{"count":1,"href":"https:\/\/www.portalalerta.com.br\/index.php\/wp-json\/wp\/v2\/posts\/25683\/revisions"}],"predecessor-version":[{"id":25684,"href":"https:\/\/www.portalalerta.com.br\/index.php\/wp-json\/wp\/v2\/posts\/25683\/revisions\/25684"}],"wp:featuredmedia":[{"embeddable":true,"href":"https:\/\/www.portalalerta.com.br\/index.php\/wp-json\/wp\/v2\/media\/16605"}],"wp:attachment":[{"href":"https:\/\/www.portalalerta.com.br\/index.php\/wp-json\/wp\/v2\/media?parent=25683"}],"wp:term":[{"taxonomy":"category","embeddable":true,"href":"https:\/\/www.portalalerta.com.br\/index.php\/wp-json\/wp\/v2\/categories?post=25683"},{"taxonomy":"post_tag","embeddable":true,"href":"https:\/\/www.portalalerta.com.br\/index.php\/wp-json\/wp\/v2\/tags?post=25683"}],"curies":[{"name":"wp","href":"https:\/\/api.w.org\/{rel}","templated":true}]}}