{"id":25685,"date":"2020-06-18T18:24:48","date_gmt":"2020-06-18T21:24:48","guid":{"rendered":"https:\/\/www.portalalerta.com.br\/?p=25685"},"modified":"2020-06-18T18:24:48","modified_gmt":"2020-06-18T21:24:48","slug":"mais-dois-casos-de-covid-19-registrados-em-ribeira-do-pombal-ba-total-chega-a-50","status":"publish","type":"post","link":"https:\/\/www.portalalerta.com.br\/index.php\/2020\/06\/18\/mais-dois-casos-de-covid-19-registrados-em-ribeira-do-pombal-ba-total-chega-a-50\/","title":{"rendered":"Mais dois casos de Covid-19 registrados em Ribeira do Pombal-BA. Total chega a 50!"},"content":{"rendered":"<p style=\"text-align: justify;\">Na tarde desta quinta-feira, 18, o munic\u00edpio de Ribeira do Pombal-BA anunciou a confirma\u00e7\u00e3o de mais dois casos de Covid-19 (Coronav\u00edrus) na cidade.<!--more--><\/p>\n<p style=\"text-align: justify;\"><img fetchpriority=\"high\" decoding=\"async\" class=\"size-thumbnail wp-image-9394 alignleft\" src=\"https:\/\/www.portalalerta.com.br\/wp-content\/uploads\/2018\/07\/05elab-320x240.jpg\" alt=\"\" width=\"320\" height=\"240\" srcset=\"https:\/\/www.portalalerta.com.br\/wp-content\/uploads\/2018\/07\/05elab-320x240.jpg 320w, https:\/\/www.portalalerta.com.br\/wp-content\/uploads\/2018\/07\/05elab-195x146.jpg 195w, https:\/\/www.portalalerta.com.br\/wp-content\/uploads\/2018\/07\/05elab-50x38.jpg 50w, https:\/\/www.portalalerta.com.br\/wp-content\/uploads\/2018\/07\/05elab-100x75.jpg 100w, https:\/\/www.portalalerta.com.br\/wp-content\/uploads\/2018\/07\/05elab.jpg 400w\" sizes=\"(max-width: 320px) 100vw, 320px\" \/>O primeiro caso se refere a um homem de 37 anos, que trabalha em outro munic\u00edpio, e ao apresentar sintomas da doen\u00e7a, foi submetido a um teste r\u00e1pido, obtendo resultado reagente. A outra pessoa, \u00e9 uma mulher de 57 anos que apresentou sintomas leves, e fez um exame numa cl\u00ednica particular da cidade. Este \u00faltimo caso, n\u00e3o teve a forma de transmiss\u00e3o divulgada.<\/p>\n<p style=\"text-align: justify;\">Os dois pacientes se encontram est\u00e1veis, e n\u00e3o t\u00eam registros de doen\u00e7as pr\u00e9 existentes, estando ambos em isolamento domiciliar, monitorados por equipes da Vigil\u00e2ncia epidemiol\u00f3gica.<\/p>\n<p style=\"text-align: justify;\">Desta forma, Ribeira do Pombal contabiliza um total de 50 infectados, sendo 27 curados, 01 morto, e 22 ativos. A taxa de cura no munic\u00edpio \u00e9 de 54%.<\/p>\n<p style=\"text-align: justify;\"><a href=\"https:\/\/www.portalalerta.com.br\/index.php\/2020\/05\/26\/saiba-como-esta-a-evolucao-do-covid-19-em-ribeira-do-pombal-ba\/\"><strong style=\"font-style: inherit;\">Clique aqui e saiba como est\u00e1 a evolu\u00e7\u00e3o do Covid-19 em Ribeira do Pombal-BA<\/strong><\/a><\/p>\n<p style=\"text-align: justify;\"><em style=\"font-weight: inherit;\">Reda\u00e7\u00e3o: Portal Alerta<\/em><\/p>\n<p style=\"text-align: justify;\"><em style=\"font-weight: inherit;\"><strong>#fiqueemcasa\u00a0\u00a0\u00a0\u00a0<\/strong><\/em><\/p>\n<p style=\"text-align: justify;\"><em style=\"font-weight: inherit;\"><strong>#usemascaras<\/strong><\/em><\/p>\n","protected":false},"excerpt":{"rendered":"<p>Na tarde desta quinta-feira, 18, o munic\u00edpio de Ribeira do Pombal-BA anunciou a confirma\u00e7\u00e3o de mais dois casos de Covid-19 (Coronav\u00edrus) na cidade.<\/p>\n","protected":false},"author":2,"featured_media":24018,"comment_status":"open","ping_status":"open","sticky":false,"template":"","format":"standard","meta":{"om_disable_all_campaigns":false,"_monsterinsights_skip_tracking":false,"_monsterinsights_sitenote_active":false,"_monsterinsights_sitenote_note":"","_monsterinsights_sitenote_category":0,"footnotes":""},"categories":[70,69,32,3,19],"tags":[3429,3486,47,61],"class_list":["post-25685","post","type-post","status-publish","format-standard","has-post-thumbnail","hentry","category-destaques","category-noticias2","category-regiao","category-ribeira-do-pombal","category-saude","tag-coronavirus","tag-covid-19","tag-ribeira-do-pombal","tag-saude"],"aioseo_notices":[],"_links":{"self":[{"href":"https:\/\/www.portalalerta.com.br\/index.php\/wp-json\/wp\/v2\/posts\/25685","targetHints":{"allow":["GET"]}}],"collection":[{"href":"https:\/\/www.portalalerta.com.br\/index.php\/wp-json\/wp\/v2\/posts"}],"about":[{"href":"https:\/\/www.portalalerta.com.br\/index.php\/wp-json\/wp\/v2\/types\/post"}],"author":[{"embeddable":true,"href":"https:\/\/www.portalalerta.com.br\/index.php\/wp-json\/wp\/v2\/users\/2"}],"replies":[{"embeddable":true,"href":"https:\/\/www.portalalerta.com.br\/index.php\/wp-json\/wp\/v2\/comments?post=25685"}],"version-history":[{"count":1,"href":"https:\/\/www.portalalerta.com.br\/index.php\/wp-json\/wp\/v2\/posts\/25685\/revisions"}],"predecessor-version":[{"id":25686,"href":"https:\/\/www.portalalerta.com.br\/index.php\/wp-json\/wp\/v2\/posts\/25685\/revisions\/25686"}],"wp:featuredmedia":[{"embeddable":true,"href":"https:\/\/www.portalalerta.com.br\/index.php\/wp-json\/wp\/v2\/media\/24018"}],"wp:attachment":[{"href":"https:\/\/www.portalalerta.com.br\/index.php\/wp-json\/wp\/v2\/media?parent=25685"}],"wp:term":[{"taxonomy":"category","embeddable":true,"href":"https:\/\/www.portalalerta.com.br\/index.php\/wp-json\/wp\/v2\/categories?post=25685"},{"taxonomy":"post_tag","embeddable":true,"href":"https:\/\/www.portalalerta.com.br\/index.php\/wp-json\/wp\/v2\/tags?post=25685"}],"curies":[{"name":"wp","href":"https:\/\/api.w.org\/{rel}","templated":true}]}}