{"id":25701,"date":"2020-06-18T21:31:38","date_gmt":"2020-06-19T00:31:38","guid":{"rendered":"https:\/\/www.portalalerta.com.br\/?p=25701"},"modified":"2020-06-18T21:31:38","modified_gmt":"2020-06-19T00:31:38","slug":"em-setembro-de-2019-dono-de-casa-onde-queiroz-foi-preso-disse-nao-saber-onde-ele-estava","status":"publish","type":"post","link":"https:\/\/www.portalalerta.com.br\/index.php\/2020\/06\/18\/em-setembro-de-2019-dono-de-casa-onde-queiroz-foi-preso-disse-nao-saber-onde-ele-estava\/","title":{"rendered":"Em setembro de 2019, dono de casa onde Queiroz foi preso disse n\u00e3o saber onde ele estava"},"content":{"rendered":"<p style=\"text-align: justify;\">O Minist\u00e9rio P\u00fablico do Rio de Janeiro prendeu no in\u00edcio desta quinta-feira (18) o ex-assessor do senador\u00a0Fl\u00e1vio Bolsonaro\u00a0(Republicanos-RJ),\u00a0Fabr\u00edcio Queiroz, que estava numa resid\u00eancia em Atibaia, no interior paulista. De acordo com a Pol\u00edcia Civil, em entrevista \u00e0 Globonews, h\u00e1 informa\u00e7\u00f5es de que Queiroz morava no local h\u00e1 cerca de um ano.<!--more--><\/p>\n<p style=\"text-align: justify;\"><img fetchpriority=\"high\" decoding=\"async\" class=\"size-thumbnail wp-image-9394 alignleft\" src=\"https:\/\/www.portalalerta.com.br\/wp-content\/uploads\/2018\/07\/05elab-320x240.jpg\" alt=\"\" width=\"320\" height=\"240\" srcset=\"https:\/\/www.portalalerta.com.br\/wp-content\/uploads\/2018\/07\/05elab-320x240.jpg 320w, https:\/\/www.portalalerta.com.br\/wp-content\/uploads\/2018\/07\/05elab-195x146.jpg 195w, https:\/\/www.portalalerta.com.br\/wp-content\/uploads\/2018\/07\/05elab-50x38.jpg 50w, https:\/\/www.portalalerta.com.br\/wp-content\/uploads\/2018\/07\/05elab-100x75.jpg 100w, https:\/\/www.portalalerta.com.br\/wp-content\/uploads\/2018\/07\/05elab.jpg 400w\" sizes=\"(max-width: 320px) 100vw, 320px\" \/>A casa pertence a Frederick Wassef, advogado de\u00a0Jair Bolsonaro\u00a0(sem partido) e Flavio. Apesar de, segundo a Pol\u00edcia Civil, abrigar Queiroz em sua casa, Wassef disse em setembro de 2019 que n\u00e3o sabia onde o ex-motorista da fam\u00edlia Bolsonaro estava.<\/p>\n<p style=\"text-align: justify;\">\u201cN\u00e3o sei [onde Queiroz est\u00e1], n\u00e3o sou advogado dele\u201d, afirmou em entrevista \u00e0 Globonews em setembro do ano passado.<\/p>\n<p style=\"text-align: justify;\">Al\u00e9m da inconsist\u00eancia na vers\u00e3o apresentado por Wassef em setembro, o advogado agrava a crise gerada pela pris\u00e3o de Queiroz, aproximando-a ainda mais ao governo Bolsonaro. Nesta quarta-feira (17), Wassef\u00a0esteve na posse de F\u00e1bio Faria (PSD-RN), novo ministro das Comunica\u00e7\u00f5es.<\/p>\n<p style=\"text-align: justify;\"><strong>Caso Queiroz<\/strong><\/p>\n<p style=\"text-align: justify;\">Policial Militar aposentado, Queiroz movimentou R$ 1,2 milh\u00e3o em sua conta de maneira considerada &#8220;at\u00edpica&#8221;, de acordo com relat\u00f3rio do antigo Conselho de Atividades Financeiras (Coaf). Ele trabalhou para o filho do presidente Jair Bolsonaro antes de Fl\u00e1vio tomar posse como senador, durante o mandato de deputado estadual no Rio de Janeiro.<\/p>\n<p style=\"text-align: justify;\">Al\u00e9m do volume movimentado, chamou a aten\u00e7\u00e3o a forma com que as opera\u00e7\u00f5es se davam: dep\u00f3sitos e saques em dinheiro vivo em datas pr\u00f3ximas do pagamento de servidores da Alerj<\/p>\n<p style=\"text-align: justify;\">Figura pol\u00eamica, Queiroz foi assessor e motorista de Flavio Bolsonaro at\u00e9 o fim de 2018, quando acabou exonerado. A investiga\u00e7\u00e3o do MP-RJ que apura as irregularidades de Queiroz na Alerj chegou a ser suspensa depois da decis\u00e3o de Dias Toffoli, presidente do\u00a0Supremo Tribunal Federal\u00a0(STF), ap\u00f3s pedido da defesa de Flavio Bolsonaro em 2019.<\/p>\n<p style=\"text-align: justify;\">Embora estivesse empregado no gabinete de Fl\u00e1vio entre 2007 e 2018, a origem da rela\u00e7\u00e3o de Queiroz com a fam\u00edlia Bolsonaro \u00e9 o presidente da Rep\u00fablica. Os dois se conhecem desde 1984 e pescavam juntos em Angra dos Reis.<\/p>\n<p style=\"text-align: justify;\">O PM aposentado tamb\u00e9m depositou R$ 24 mil na conta da primeira-dama Michelle Bolsonaro em 2016. O presidente afirma se tratar de parte da quita\u00e7\u00e3o de um empr\u00e9stimo de R$ 40 mil.<\/p>\n<p style=\"text-align: justify;\"><em>Fonte: Yahoo Not\u00edcias<\/em><\/p>\n","protected":false},"excerpt":{"rendered":"<p>O Minist\u00e9rio P\u00fablico do Rio de Janeiro prendeu no in\u00edcio desta quinta-feira (18) o ex-assessor do senador\u00a0Fl\u00e1vio Bolsonaro\u00a0(Republicanos-RJ),\u00a0Fabr\u00edcio Queiroz, que estava numa resid\u00eancia em Atibaia, no interior paulista. De acordo com a Pol\u00edcia Civil, em entrevista \u00e0 Globonews, h\u00e1 informa\u00e7\u00f5es de que Queiroz morava no local h\u00e1 cerca de um ano.<\/p>\n","protected":false},"author":2,"featured_media":25702,"comment_status":"open","ping_status":"open","sticky":false,"template":"","format":"standard","meta":{"om_disable_all_campaigns":false,"_monsterinsights_skip_tracking":false,"_monsterinsights_sitenote_active":false,"_monsterinsights_sitenote_note":"","_monsterinsights_sitenote_category":0,"footnotes":""},"categories":[34,70,69],"tags":[490,2064,93,2031,3743,77],"class_list":["post-25701","post","type-post","status-publish","format-standard","has-post-thumbnail","hentry","category-brasil","category-destaques","category-noticias2","tag-advogado","tag-atibaia","tag-brasil","tag-fabricio-queiroz","tag-frederick-wassef","tag-preso"],"aioseo_notices":[],"_links":{"self":[{"href":"https:\/\/www.portalalerta.com.br\/index.php\/wp-json\/wp\/v2\/posts\/25701","targetHints":{"allow":["GET"]}}],"collection":[{"href":"https:\/\/www.portalalerta.com.br\/index.php\/wp-json\/wp\/v2\/posts"}],"about":[{"href":"https:\/\/www.portalalerta.com.br\/index.php\/wp-json\/wp\/v2\/types\/post"}],"author":[{"embeddable":true,"href":"https:\/\/www.portalalerta.com.br\/index.php\/wp-json\/wp\/v2\/users\/2"}],"replies":[{"embeddable":true,"href":"https:\/\/www.portalalerta.com.br\/index.php\/wp-json\/wp\/v2\/comments?post=25701"}],"version-history":[{"count":1,"href":"https:\/\/www.portalalerta.com.br\/index.php\/wp-json\/wp\/v2\/posts\/25701\/revisions"}],"predecessor-version":[{"id":25703,"href":"https:\/\/www.portalalerta.com.br\/index.php\/wp-json\/wp\/v2\/posts\/25701\/revisions\/25703"}],"wp:featuredmedia":[{"embeddable":true,"href":"https:\/\/www.portalalerta.com.br\/index.php\/wp-json\/wp\/v2\/media\/25702"}],"wp:attachment":[{"href":"https:\/\/www.portalalerta.com.br\/index.php\/wp-json\/wp\/v2\/media?parent=25701"}],"wp:term":[{"taxonomy":"category","embeddable":true,"href":"https:\/\/www.portalalerta.com.br\/index.php\/wp-json\/wp\/v2\/categories?post=25701"},{"taxonomy":"post_tag","embeddable":true,"href":"https:\/\/www.portalalerta.com.br\/index.php\/wp-json\/wp\/v2\/tags?post=25701"}],"curies":[{"name":"wp","href":"https:\/\/api.w.org\/{rel}","templated":true}]}}