{"id":25722,"date":"2020-06-19T15:34:59","date_gmt":"2020-06-19T18:34:59","guid":{"rendered":"https:\/\/www.portalalerta.com.br\/?p=25722"},"modified":"2020-06-19T15:34:59","modified_gmt":"2020-06-19T18:34:59","slug":"policia-civil-de-tobias-barreto-se-prende-homicida-na-zona-rural-de-itapicuru-ba","status":"publish","type":"post","link":"https:\/\/www.portalalerta.com.br\/index.php\/2020\/06\/19\/policia-civil-de-tobias-barreto-se-prende-homicida-na-zona-rural-de-itapicuru-ba\/","title":{"rendered":"Pol\u00edcia Civil de Tobias Barreto-SE prende homicida na Zona Rural de Itapicuru-BA"},"content":{"rendered":"<p style=\"text-align: justify;\">Policiais civis sob o\u00a0comando dos delegados Dr F\u00e1bio Alan Pimentel e Dr. Greg\u00f3rio, juntamente com a equipe, prenderam na manh\u00e3 da \u00faltima quinta-feira,18,\u00a0Wagner Luiz da Concei\u00e7\u00e3o Silva, 35 anos, vulgo &#8220;Nen\u00e9m Marchante&#8221;. Em desfavor do acusado existia um mandado de pris\u00e3o em aberto, relacionado a um crime de homic\u00eddio cometido por ele, em 2019, na Cidade de Canind\u00e9 de S\u00e3o Francisco (SE).<!--more--><\/p>\n<p style=\"text-align: justify;\"><img fetchpriority=\"high\" decoding=\"async\" class=\"size-thumbnail wp-image-4869 aligncenter\" src=\"https:\/\/www.portalalerta.com.br\/wp-content\/uploads\/2018\/02\/Auto-Escola-Nobre-720x181.jpg\" alt=\"\" width=\"720\" height=\"181\" srcset=\"https:\/\/www.portalalerta.com.br\/wp-content\/uploads\/2018\/02\/Auto-Escola-Nobre.jpg 720w, https:\/\/www.portalalerta.com.br\/wp-content\/uploads\/2018\/02\/Auto-Escola-Nobre-260x65.jpg 260w, https:\/\/www.portalalerta.com.br\/wp-content\/uploads\/2018\/02\/Auto-Escola-Nobre-50x13.jpg 50w, https:\/\/www.portalalerta.com.br\/wp-content\/uploads\/2018\/02\/Auto-Escola-Nobre-150x38.jpg 150w\" sizes=\"(max-width: 720px) 100vw, 720px\" \/>A pris\u00e3o ocorreu por volta das 05:30hs, no povoado Urtiga, Zona Rural de Itapicuru-BA, onde o foragido da justi\u00e7a estava residindo. Os policiais prenderam Nen\u00e9m, ap\u00f3s receberem informa\u00e7\u00f5es de populares relacionado ao seu comportamento dentro do povoado, agindo sempre com confus\u00f5es com moradores daquela comunidade.<\/p>\n<p style=\"text-align: justify;\">No momento da abordagem a pol\u00edcia verificou a ficha criminal do acusado, onde foi constatado que havia um mandado de pris\u00e3o em aberto. Wagner n\u00e3o reagiu \u00e0 pris\u00e3o e foi encaminhado \u00e0 delegacia Regional de Tobias Barreto (SE).<\/p>\n<figure id=\"attachment_25723\" aria-describedby=\"caption-attachment-25723\" style=\"width: 400px\" class=\"wp-caption aligncenter\"><img decoding=\"async\" class=\"wp-image-25723 size-full\" src=\"https:\/\/www.portalalerta.com.br\/wp-content\/uploads\/2020\/06\/Wagner-Luiz-da-Concei\u00e7\u00e3o-Silva.jpg\" alt=\"\" width=\"400\" height=\"390\" srcset=\"https:\/\/www.portalalerta.com.br\/wp-content\/uploads\/2020\/06\/Wagner-Luiz-da-Concei\u00e7\u00e3o-Silva.jpg 400w, https:\/\/www.portalalerta.com.br\/wp-content\/uploads\/2020\/06\/Wagner-Luiz-da-Concei\u00e7\u00e3o-Silva-246x240.jpg 246w, https:\/\/www.portalalerta.com.br\/wp-content\/uploads\/2020\/06\/Wagner-Luiz-da-Concei\u00e7\u00e3o-Silva-150x146.jpg 150w, https:\/\/www.portalalerta.com.br\/wp-content\/uploads\/2020\/06\/Wagner-Luiz-da-Concei\u00e7\u00e3o-Silva-50x50.jpg 50w, https:\/\/www.portalalerta.com.br\/wp-content\/uploads\/2020\/06\/Wagner-Luiz-da-Concei\u00e7\u00e3o-Silva-77x75.jpg 77w\" sizes=\"(max-width: 400px) 100vw, 400px\" \/><figcaption id=\"caption-attachment-25723\" class=\"wp-caption-text\">Wagner \u00e1 acusado da pr\u00e1tica de homic\u00eddio, em Canind\u00e9 de S\u00e3o Francisco _SE<\/figcaption><\/figure>\n<p style=\"text-align: justify;\">\n<em>Fonte: Itapicuru Not\u00edcias<\/em><\/p>\n<p style=\"text-align: justify;\"><em>Rep\u00f3rter: Elenilton Santos<\/em><\/p>\n","protected":false},"excerpt":{"rendered":"<p>Policiais civis sob o\u00a0comando dos delegados Dr F\u00e1bio Alan Pimentel e Dr. Greg\u00f3rio, juntamente com a equipe, prenderam na manh\u00e3 da \u00faltima quinta-feira,18,\u00a0Wagner Luiz da Concei\u00e7\u00e3o Silva, 35 anos, vulgo &#8220;Nen\u00e9m Marchante&#8221;. Em desfavor do acusado existia um mandado de pris\u00e3o em aberto, relacionado a um crime de homic\u00eddio cometido por ele, em 2019, na &hellip;<\/p>\n","protected":false},"author":2,"featured_media":16137,"comment_status":"open","ping_status":"open","sticky":false,"template":"","format":"standard","meta":{"om_disable_all_campaigns":false,"_monsterinsights_skip_tracking":false,"_monsterinsights_sitenote_active":false,"_monsterinsights_sitenote_note":"","_monsterinsights_sitenote_category":0,"footnotes":""},"categories":[34,70,18,69,32,22],"tags":[3745,206,132,122,77,114,172],"class_list":["post-25722","post","type-post","status-publish","format-standard","has-post-thumbnail","hentry","category-brasil","category-destaques","category-itapicuru","category-noticias2","category-regiao","category-seguranca","tag-caninde-do-sao-francisco","tag-homicidio","tag-itapicuru","tag-policia-civil","tag-preso","tag-sergipe","tag-tobias-barreto"],"aioseo_notices":[],"_links":{"self":[{"href":"https:\/\/www.portalalerta.com.br\/index.php\/wp-json\/wp\/v2\/posts\/25722","targetHints":{"allow":["GET"]}}],"collection":[{"href":"https:\/\/www.portalalerta.com.br\/index.php\/wp-json\/wp\/v2\/posts"}],"about":[{"href":"https:\/\/www.portalalerta.com.br\/index.php\/wp-json\/wp\/v2\/types\/post"}],"author":[{"embeddable":true,"href":"https:\/\/www.portalalerta.com.br\/index.php\/wp-json\/wp\/v2\/users\/2"}],"replies":[{"embeddable":true,"href":"https:\/\/www.portalalerta.com.br\/index.php\/wp-json\/wp\/v2\/comments?post=25722"}],"version-history":[{"count":2,"href":"https:\/\/www.portalalerta.com.br\/index.php\/wp-json\/wp\/v2\/posts\/25722\/revisions"}],"predecessor-version":[{"id":25725,"href":"https:\/\/www.portalalerta.com.br\/index.php\/wp-json\/wp\/v2\/posts\/25722\/revisions\/25725"}],"wp:featuredmedia":[{"embeddable":true,"href":"https:\/\/www.portalalerta.com.br\/index.php\/wp-json\/wp\/v2\/media\/16137"}],"wp:attachment":[{"href":"https:\/\/www.portalalerta.com.br\/index.php\/wp-json\/wp\/v2\/media?parent=25722"}],"wp:term":[{"taxonomy":"category","embeddable":true,"href":"https:\/\/www.portalalerta.com.br\/index.php\/wp-json\/wp\/v2\/categories?post=25722"},{"taxonomy":"post_tag","embeddable":true,"href":"https:\/\/www.portalalerta.com.br\/index.php\/wp-json\/wp\/v2\/tags?post=25722"}],"curies":[{"name":"wp","href":"https:\/\/api.w.org\/{rel}","templated":true}]}}