{"id":25726,"date":"2020-06-19T16:20:59","date_gmt":"2020-06-19T19:20:59","guid":{"rendered":"https:\/\/www.portalalerta.com.br\/?p=25726"},"modified":"2020-06-19T16:20:59","modified_gmt":"2020-06-19T19:20:59","slug":"justica-determina-bloqueio-de-bens-de-wagner-em-acao-desmembrada-da-lava-jato","status":"publish","type":"post","link":"https:\/\/www.portalalerta.com.br\/index.php\/2020\/06\/19\/justica-determina-bloqueio-de-bens-de-wagner-em-acao-desmembrada-da-lava-jato\/","title":{"rendered":"Justi\u00e7a determina bloqueio de bens de Wagner em a\u00e7\u00e3o desmembrada da Lava Jato"},"content":{"rendered":"<p>Jaques Wagner (PT) teve seus bens declarados indispon\u00edveis nesta sexta-feira (19) pela Justi\u00e7a. O senador pela Bahia responde \u00e0 a\u00e7\u00e3o no \u00e2mbito da Opera\u00e7\u00e3o Lava Jato que apura a doa\u00e7\u00e3o ilegal de R$ 3,5 milh\u00f5es, da Odebrecht, por interm\u00e9dio da cervejaria Petr\u00f3polis, para a campanha eleitoral do Partido dos Trabalhadores de 2014.<!--more--><\/p>\n<p><img fetchpriority=\"high\" decoding=\"async\" class=\"size-thumbnail wp-image-9394 alignleft\" src=\"https:\/\/www.portalalerta.com.br\/wp-content\/uploads\/2018\/07\/05elab-320x240.jpg\" alt=\"\" width=\"320\" height=\"240\" srcset=\"https:\/\/www.portalalerta.com.br\/wp-content\/uploads\/2018\/07\/05elab-320x240.jpg 320w, https:\/\/www.portalalerta.com.br\/wp-content\/uploads\/2018\/07\/05elab-195x146.jpg 195w, https:\/\/www.portalalerta.com.br\/wp-content\/uploads\/2018\/07\/05elab-50x38.jpg 50w, https:\/\/www.portalalerta.com.br\/wp-content\/uploads\/2018\/07\/05elab-100x75.jpg 100w, https:\/\/www.portalalerta.com.br\/wp-content\/uploads\/2018\/07\/05elab.jpg 400w\" sizes=\"(max-width: 320px) 100vw, 320px\" \/>A decis\u00e3o pelo congelamento dos bens do ex-governador foi proferida pelo juiz Glauco Dainese de Campos, titular da 7\u00aa Vara da Fazenda P\u00fablica de Salvador. Wagner \u00e9 investigado pela suposta pr\u00e1tica de improbidade administrativa em investiga\u00e7\u00e3o movida pelo Minist\u00e9rio P\u00fablico da Bahia (MP-BA).<\/p>\n<p><em>Fonte: Not\u00edcias de SantaLuz<\/em><\/p>\n","protected":false},"excerpt":{"rendered":"<p>Jaques Wagner (PT) teve seus bens declarados indispon\u00edveis nesta sexta-feira (19) pela Justi\u00e7a. O senador pela Bahia responde \u00e0 a\u00e7\u00e3o no \u00e2mbito da Opera\u00e7\u00e3o Lava Jato que apura a doa\u00e7\u00e3o ilegal de R$ 3,5 milh\u00f5es, da Odebrecht, por interm\u00e9dio da cervejaria Petr\u00f3polis, para a campanha eleitoral do Partido dos Trabalhadores de 2014.<\/p>\n","protected":false},"author":2,"featured_media":5080,"comment_status":"open","ping_status":"open","sticky":false,"template":"","format":"standard","meta":{"om_disable_all_campaigns":false,"_monsterinsights_skip_tracking":false,"_monsterinsights_sitenote_active":false,"_monsterinsights_sitenote_note":"","_monsterinsights_sitenote_category":0,"footnotes":""},"categories":[33,70,69,21],"tags":[54,1111,614,270,247,233],"class_list":["post-25726","post","type-post","status-publish","format-standard","has-post-thumbnail","hentry","category-bahia","category-destaques","category-noticias2","category-politica","tag-bahia","tag-bloqueios-de-bens","tag-jaques-wagner","tag-justica","tag-lava-jato","tag-senador"],"aioseo_notices":[],"_links":{"self":[{"href":"https:\/\/www.portalalerta.com.br\/index.php\/wp-json\/wp\/v2\/posts\/25726","targetHints":{"allow":["GET"]}}],"collection":[{"href":"https:\/\/www.portalalerta.com.br\/index.php\/wp-json\/wp\/v2\/posts"}],"about":[{"href":"https:\/\/www.portalalerta.com.br\/index.php\/wp-json\/wp\/v2\/types\/post"}],"author":[{"embeddable":true,"href":"https:\/\/www.portalalerta.com.br\/index.php\/wp-json\/wp\/v2\/users\/2"}],"replies":[{"embeddable":true,"href":"https:\/\/www.portalalerta.com.br\/index.php\/wp-json\/wp\/v2\/comments?post=25726"}],"version-history":[{"count":1,"href":"https:\/\/www.portalalerta.com.br\/index.php\/wp-json\/wp\/v2\/posts\/25726\/revisions"}],"predecessor-version":[{"id":25727,"href":"https:\/\/www.portalalerta.com.br\/index.php\/wp-json\/wp\/v2\/posts\/25726\/revisions\/25727"}],"wp:featuredmedia":[{"embeddable":true,"href":"https:\/\/www.portalalerta.com.br\/index.php\/wp-json\/wp\/v2\/media\/5080"}],"wp:attachment":[{"href":"https:\/\/www.portalalerta.com.br\/index.php\/wp-json\/wp\/v2\/media?parent=25726"}],"wp:term":[{"taxonomy":"category","embeddable":true,"href":"https:\/\/www.portalalerta.com.br\/index.php\/wp-json\/wp\/v2\/categories?post=25726"},{"taxonomy":"post_tag","embeddable":true,"href":"https:\/\/www.portalalerta.com.br\/index.php\/wp-json\/wp\/v2\/tags?post=25726"}],"curies":[{"name":"wp","href":"https:\/\/api.w.org\/{rel}","templated":true}]}}