{"id":25734,"date":"2020-06-20T21:31:36","date_gmt":"2020-06-21T00:31:36","guid":{"rendered":"https:\/\/www.portalalerta.com.br\/?p=25734"},"modified":"2020-06-20T21:31:36","modified_gmt":"2020-06-21T00:31:36","slug":"preso-por-estupro-em-euclides-da-cunha-ba-morre-apos-ser-espancado-por-colegas-de-cela-no-presidio-de-serrinha","status":"publish","type":"post","link":"https:\/\/www.portalalerta.com.br\/index.php\/2020\/06\/20\/preso-por-estupro-em-euclides-da-cunha-ba-morre-apos-ser-espancado-por-colegas-de-cela-no-presidio-de-serrinha\/","title":{"rendered":"Preso por estupro em Euclides da Cunha-BA morre ap\u00f3s ser espancado por colegas de cela no pres\u00eddio de Serrinha"},"content":{"rendered":"<p style=\"text-align: justify;\">Um homem que estava preso no Pres\u00eddio de Seguran\u00e7a M\u00e1xima de Serrinha morreu na noite de quarta-feira, 17, quinze dias ap\u00f3s ser espancado por detentos dentro da unidade.<!--more--><\/p>\n<p style=\"text-align: justify;\"><img fetchpriority=\"high\" decoding=\"async\" class=\"size-thumbnail wp-image-25012 aligncenter\" src=\"https:\/\/www.portalalerta.com.br\/wp-content\/uploads\/2020\/06\/real-acordo.1-720x92.jpg\" alt=\"\" width=\"720\" height=\"92\" \/>De acordo com informa\u00e7\u00f5es, o caso teria ocorrido no dia 2 deste m\u00eas. A v\u00edtima foi Jelton Ara\u00fajo Matos, vulgo \u201cTuquinha\u201d, de 28 anos, que estava preso por suspeita de estuprar a pr\u00f3pria sobrinha de 4 anos. Ainda n\u00e3o h\u00e1 informa\u00e7\u00f5es sobre o que motivou o ataque contra ele. A reportagem apurou ainda que a v\u00edtima deu entrada na unidade prisional h\u00e1 menos 20 dias, oriundo da cidade de Euclides da Cunha, e estava no \u201cseguro\u201d \u2013 cela onde ficam os presos amea\u00e7ados de morte. Essa ala abriga, por exemplo, estupradores, assassinos e membros de fac\u00e7\u00f5es rivais.<\/p>\n<p style=\"text-align: justify;\">Em entrevista ao rep\u00f3rter Dida Negr\u00e3o, o diretor da unidade, major Luiz de Lima Sacramento, informou que ser\u00e1 instaurado um procedimento disciplinar, com o intuito de investigar o caso. O detento apresentava v\u00e1rios hematomas pelo corpo, principalmente nas partes \u00edntimas. O corpo dele foi encaminhado para o Departamento de Pol\u00edcia T\u00e9cnica (DPT). A Pol\u00edcia Civil disse que est\u00e1 investigando o caso para identificar todos os envolvidos no crime.<\/p>\n<p style=\"text-align: justify;\"><em>Fonte: Cleriston Silva <\/em><\/p>\n","protected":false},"excerpt":{"rendered":"<p>Um homem que estava preso no Pres\u00eddio de Seguran\u00e7a M\u00e1xima de Serrinha morreu na noite de quarta-feira, 17, quinze dias ap\u00f3s ser espancado por detentos dentro da unidade.<\/p>\n","protected":false},"author":2,"featured_media":25735,"comment_status":"open","ping_status":"open","sticky":false,"template":"","format":"standard","meta":{"om_disable_all_campaigns":false,"_monsterinsights_skip_tracking":false,"_monsterinsights_sitenote_active":false,"_monsterinsights_sitenote_note":"","_monsterinsights_sitenote_category":0,"footnotes":""},"categories":[33,70,17,69,32,22],"tags":[54,56,206,77,176],"class_list":["post-25734","post","type-post","status-publish","format-standard","has-post-thumbnail","hentry","category-bahia","category-destaques","category-euclides-da-cunha","category-noticias2","category-regiao","category-seguranca","tag-bahia","tag-estupro","tag-homicidio","tag-preso","tag-serrinha"],"aioseo_notices":[],"_links":{"self":[{"href":"https:\/\/www.portalalerta.com.br\/index.php\/wp-json\/wp\/v2\/posts\/25734","targetHints":{"allow":["GET"]}}],"collection":[{"href":"https:\/\/www.portalalerta.com.br\/index.php\/wp-json\/wp\/v2\/posts"}],"about":[{"href":"https:\/\/www.portalalerta.com.br\/index.php\/wp-json\/wp\/v2\/types\/post"}],"author":[{"embeddable":true,"href":"https:\/\/www.portalalerta.com.br\/index.php\/wp-json\/wp\/v2\/users\/2"}],"replies":[{"embeddable":true,"href":"https:\/\/www.portalalerta.com.br\/index.php\/wp-json\/wp\/v2\/comments?post=25734"}],"version-history":[{"count":1,"href":"https:\/\/www.portalalerta.com.br\/index.php\/wp-json\/wp\/v2\/posts\/25734\/revisions"}],"predecessor-version":[{"id":25736,"href":"https:\/\/www.portalalerta.com.br\/index.php\/wp-json\/wp\/v2\/posts\/25734\/revisions\/25736"}],"wp:featuredmedia":[{"embeddable":true,"href":"https:\/\/www.portalalerta.com.br\/index.php\/wp-json\/wp\/v2\/media\/25735"}],"wp:attachment":[{"href":"https:\/\/www.portalalerta.com.br\/index.php\/wp-json\/wp\/v2\/media?parent=25734"}],"wp:term":[{"taxonomy":"category","embeddable":true,"href":"https:\/\/www.portalalerta.com.br\/index.php\/wp-json\/wp\/v2\/categories?post=25734"},{"taxonomy":"post_tag","embeddable":true,"href":"https:\/\/www.portalalerta.com.br\/index.php\/wp-json\/wp\/v2\/tags?post=25734"}],"curies":[{"name":"wp","href":"https:\/\/api.w.org\/{rel}","templated":true}]}}