{"id":25737,"date":"2020-06-20T21:36:40","date_gmt":"2020-06-21T00:36:40","guid":{"rendered":"https:\/\/www.portalalerta.com.br\/?p=25737"},"modified":"2020-06-20T21:36:40","modified_gmt":"2020-06-21T00:36:40","slug":"bahia-registra-1-382-novos-casos-de-covid-19-nas-ultimas-24-horas","status":"publish","type":"post","link":"https:\/\/www.portalalerta.com.br\/index.php\/2020\/06\/20\/bahia-registra-1-382-novos-casos-de-covid-19-nas-ultimas-24-horas\/","title":{"rendered":"Bahia registra 1.382 novos casos de Covid-19 nas \u00faltimas 24 horas"},"content":{"rendered":"<p style=\"text-align: justify;\">Na Bahia, nas \u00faltimas 24 horas, foram registrados 1.382 casos de Covid-19 (taxa de crescimento de +3,1%), 45 \u00f3bitos (+3,4%) e 1.102 curados (+5,4%). Dos 45.304 casos confirmados desde o in\u00edcio da pandemia, 21.691 j\u00e1 s\u00e3o considerados curados, 22.263 encontram-se ativos e 1.350 tiveram \u00f3bito confirmado.<!--more--><\/p>\n<p style=\"text-align: justify;\">As confirma\u00e7\u00f5es ocorreram em 358 munic\u00edpios do estado, com maior propor\u00e7\u00e3o em Salvador (51,74%). Os munic\u00edpios com os maiores coeficientes de incid\u00eancia por 100.000 habitantes foram Ipia\u00fa (1.146,64), Itaju\u00edpe (1.044,36), Uru\u00e7uca (1.042,94), S\u00e3o Jos\u00e9 da Vit\u00f3ria (1.007,60) e Gandu (851,77).<\/p>\n<p style=\"text-align: justify;\"><img fetchpriority=\"high\" decoding=\"async\" class=\"size-thumbnail wp-image-9394 alignleft\" src=\"https:\/\/www.portalalerta.com.br\/wp-content\/uploads\/2018\/07\/05elab-320x240.jpg\" alt=\"\" width=\"320\" height=\"240\" srcset=\"https:\/\/www.portalalerta.com.br\/wp-content\/uploads\/2018\/07\/05elab-320x240.jpg 320w, https:\/\/www.portalalerta.com.br\/wp-content\/uploads\/2018\/07\/05elab-195x146.jpg 195w, https:\/\/www.portalalerta.com.br\/wp-content\/uploads\/2018\/07\/05elab-50x38.jpg 50w, https:\/\/www.portalalerta.com.br\/wp-content\/uploads\/2018\/07\/05elab-100x75.jpg 100w, https:\/\/www.portalalerta.com.br\/wp-content\/uploads\/2018\/07\/05elab.jpg 400w\" sizes=\"(max-width: 320px) 100vw, 320px\" \/>Na oportunidade, a tabela de casos ativos do boletim epidemiol\u00f3gico de ontem (19) deve ser desconsiderada. Houve um erro de c\u00e1lculo exclusivamente nesta tabela devido uma instabilidade no sistema e-SUS e a solicita\u00e7\u00e3o do Minist\u00e9rio da Sa\u00fade para o retorno do c\u00e1lculo de incid\u00eancia para 100 mil habitantes ao inv\u00e9s de 1 milh\u00e3o, revertendo, portando, a orienta\u00e7\u00e3o do pr\u00f3prio minist\u00e9rio. O problema foi identificado e sanado no boletim de hoje.<\/p>\n<p style=\"text-align: justify;\">O boletim epidemiol\u00f3gico contabiliza neste s\u00e1bado (20) 45.304 casos confirmados, 92.748 casos descartados e 102.400 em investiga\u00e7\u00e3o. Estes dados representam notifica\u00e7\u00f5es oficiais compiladas pelo Centro de Informa\u00e7\u00f5es Estrat\u00e9gicas em Vigil\u00e2ncia em Sa\u00fade da Bahia (Cievs-BA), em conjunto com os Cievs municipais e as bases de dados do Minist\u00e9rio da Sa\u00fade at\u00e9 as 17 horas.<\/p>\n<p style=\"text-align: justify;\">Na Bahia, 6.141 profissionais da sa\u00fade foram confirmados para Covid-19. Para acessar o boletim completo,\u00a0<strong><a href=\"http:\/\/www.saude.ba.gov.br\/wp-content\/uploads\/2020\/06\/BOLETIM_ELETRONICO_BAHIAN_88___20062020.pdf\">clique aqui<\/a>.<\/strong><\/p>\n<p style=\"text-align: justify;\"><strong>Taxa de ocupa\u00e7\u00e3o<\/strong><\/p>\n<p style=\"text-align: justify;\">Na Bahia, dos 2.158 leitos dispon\u00edveis do Sistema \u00danico de Sa\u00fade (SUS) exclusivos para coronav\u00edrus, 1.292 possuem pacientes internados, o que representa uma taxa de ocupa\u00e7\u00e3o de 60% No que se refere aos leitos de UTI adulto e pedi\u00e1trico, dos 893 leitos exclusivos para o coronav\u00edrus, 667 possuem pacientes internados, compreendendo uma taxa de ocupa\u00e7\u00e3o de 75%.<\/p>\n<p style=\"text-align: justify;\">Cabe ressaltar que o n\u00famero de leitos \u00e9 flutuante, representando o quantitativo exato de vagas dispon\u00edveis no dia. Intercorr\u00eancias com equipamentos, rede de gases ou equipes incompletas, por exemplo, inviabilizam a disponibilidade do leito. Ressalte-se que novos leitos s\u00e3o abertos progressivamente mediante o aumento da demanda.<\/p>\n<p style=\"text-align: justify;\">Fonte: Sesab<\/p>\n","protected":false},"excerpt":{"rendered":"<p>Na Bahia, nas \u00faltimas 24 horas, foram registrados 1.382 casos de Covid-19 (taxa de crescimento de +3,1%), 45 \u00f3bitos (+3,4%) e 1.102 curados (+5,4%). Dos 45.304 casos confirmados desde o in\u00edcio da pandemia, 21.691 j\u00e1 s\u00e3o considerados curados, 22.263 encontram-se ativos e 1.350 tiveram \u00f3bito confirmado.<\/p>\n","protected":false},"author":2,"featured_media":21912,"comment_status":"open","ping_status":"open","sticky":false,"template":"","format":"standard","meta":{"om_disable_all_campaigns":false,"_monsterinsights_skip_tracking":false,"_monsterinsights_sitenote_active":false,"_monsterinsights_sitenote_note":"","_monsterinsights_sitenote_category":0,"footnotes":""},"categories":[33,70,69,19],"tags":[54,3429,3486,61],"class_list":["post-25737","post","type-post","status-publish","format-standard","has-post-thumbnail","hentry","category-bahia","category-destaques","category-noticias2","category-saude","tag-bahia","tag-coronavirus","tag-covid-19","tag-saude"],"aioseo_notices":[],"_links":{"self":[{"href":"https:\/\/www.portalalerta.com.br\/index.php\/wp-json\/wp\/v2\/posts\/25737","targetHints":{"allow":["GET"]}}],"collection":[{"href":"https:\/\/www.portalalerta.com.br\/index.php\/wp-json\/wp\/v2\/posts"}],"about":[{"href":"https:\/\/www.portalalerta.com.br\/index.php\/wp-json\/wp\/v2\/types\/post"}],"author":[{"embeddable":true,"href":"https:\/\/www.portalalerta.com.br\/index.php\/wp-json\/wp\/v2\/users\/2"}],"replies":[{"embeddable":true,"href":"https:\/\/www.portalalerta.com.br\/index.php\/wp-json\/wp\/v2\/comments?post=25737"}],"version-history":[{"count":1,"href":"https:\/\/www.portalalerta.com.br\/index.php\/wp-json\/wp\/v2\/posts\/25737\/revisions"}],"predecessor-version":[{"id":25738,"href":"https:\/\/www.portalalerta.com.br\/index.php\/wp-json\/wp\/v2\/posts\/25737\/revisions\/25738"}],"wp:featuredmedia":[{"embeddable":true,"href":"https:\/\/www.portalalerta.com.br\/index.php\/wp-json\/wp\/v2\/media\/21912"}],"wp:attachment":[{"href":"https:\/\/www.portalalerta.com.br\/index.php\/wp-json\/wp\/v2\/media?parent=25737"}],"wp:term":[{"taxonomy":"category","embeddable":true,"href":"https:\/\/www.portalalerta.com.br\/index.php\/wp-json\/wp\/v2\/categories?post=25737"},{"taxonomy":"post_tag","embeddable":true,"href":"https:\/\/www.portalalerta.com.br\/index.php\/wp-json\/wp\/v2\/tags?post=25737"}],"curies":[{"name":"wp","href":"https:\/\/api.w.org\/{rel}","templated":true}]}}