{"id":25739,"date":"2020-06-20T21:45:14","date_gmt":"2020-06-21T00:45:14","guid":{"rendered":"https:\/\/www.portalalerta.com.br\/?p=25739"},"modified":"2020-06-20T21:45:14","modified_gmt":"2020-06-21T00:45:14","slug":"a-pior-semana-desde-o-inicio-da-pandemia-em-ribeira-do-pombal-ba-termina-com-mais-um-caso-confirmado-de-covid-19-02-pessoas-estao-internadas","status":"publish","type":"post","link":"https:\/\/www.portalalerta.com.br\/index.php\/2020\/06\/20\/a-pior-semana-desde-o-inicio-da-pandemia-em-ribeira-do-pombal-ba-termina-com-mais-um-caso-confirmado-de-covid-19-02-pessoas-estao-internadas\/","title":{"rendered":"A pior semana desde o in\u00edcio da pandemia em Ribeira do Pombal-BA, termina com mais um caso confirmado de Covid-19. 02 pessoas est\u00e3o internadas!"},"content":{"rendered":"<p style=\"text-align: justify;\">O munic\u00edpio de Ribeira do Pombal-BA divulgou em seu Boletim Epidemiol\u00f3gico, o 51\u00aa caso confirmado de Covid-19 (Coronav\u00edrus).<!--more--><\/p>\n<p style=\"text-align: justify;\">De acordo com uma Nota publicada pela Secretaria Municipal de Sa\u00fade, a paciente foi identificada como uma jovem de apenas 23 anos, que durante exerc\u00edcio de suas atividades laborais, teve contato com outra contactante de um caso positivo. A confirma\u00e7\u00e3o foi poss\u00edvel atrav\u00e9s da realiza\u00e7\u00e3o de testes r\u00e1pidos.<\/p>\n<p style=\"text-align: justify;\"><img fetchpriority=\"high\" decoding=\"async\" class=\"size-thumbnail wp-image-4869 aligncenter\" src=\"https:\/\/www.portalalerta.com.br\/wp-content\/uploads\/2018\/02\/Auto-Escola-Nobre-720x181.jpg\" alt=\"\" width=\"720\" height=\"181\" srcset=\"https:\/\/www.portalalerta.com.br\/wp-content\/uploads\/2018\/02\/Auto-Escola-Nobre.jpg 720w, https:\/\/www.portalalerta.com.br\/wp-content\/uploads\/2018\/02\/Auto-Escola-Nobre-260x65.jpg 260w, https:\/\/www.portalalerta.com.br\/wp-content\/uploads\/2018\/02\/Auto-Escola-Nobre-50x13.jpg 50w, https:\/\/www.portalalerta.com.br\/wp-content\/uploads\/2018\/02\/Auto-Escola-Nobre-150x38.jpg 150w\" sizes=\"(max-width: 720px) 100vw, 720px\" \/>Desde o in\u00edcio da pandemia, o munic\u00edpio que registrou a primeira infec\u00e7\u00e3o no dia 19 de abril, chega \u00e0 nona semana registrando o pior per\u00edodo, com 21 casos. At\u00e9 o final da oitava semana, o munic\u00edpio tinha computado um total de 30 casos, e na soma chega ao n\u00famero de 51 pessoas infectadas.<\/p>\n<p style=\"text-align: justify;\">Por outro lado, foram registradas 27 curas (53%), e 01 morte (2%). Dos 23 ativos (45%), 02 pessoas se encontram internadas.<\/p>\n<p style=\"text-align: justify;\"><a href=\"https:\/\/www.portalalerta.com.br\/index.php\/2020\/05\/26\/saiba-como-esta-a-evolucao-do-covid-19-em-ribeira-do-pombal-ba\/\"><strong style=\"font-style: inherit;\">Clique aqui e saiba como est\u00e1 a evolu\u00e7\u00e3o do Covid-19 em Ribeira do Pombal-BA<\/strong><\/a><\/p>\n<p style=\"text-align: justify;\"><em style=\"font-weight: inherit;\">Reda\u00e7\u00e3o: Portal Alerta<\/em><\/p>\n<p style=\"text-align: justify;\"><strong style=\"font-style: inherit;\"><em>#fiqueemcasa\u00a0\u00a0\u00a0\u00a0<\/em><\/strong><\/p>\n<p style=\"text-align: justify;\"><strong style=\"font-style: inherit;\"><em>#usemascaras<\/em><\/strong><\/p>\n","protected":false},"excerpt":{"rendered":"<p>O munic\u00edpio de Ribeira do Pombal-BA divulgou em seu Boletim Epidemiol\u00f3gico, o 51\u00aa caso confirmado de Covid-19 (Coronav\u00edrus).<\/p>\n","protected":false},"author":2,"featured_media":3952,"comment_status":"open","ping_status":"open","sticky":false,"template":"","format":"standard","meta":{"om_disable_all_campaigns":false,"_monsterinsights_skip_tracking":false,"_monsterinsights_sitenote_active":false,"_monsterinsights_sitenote_note":"","_monsterinsights_sitenote_category":0,"footnotes":""},"categories":[70,69,32,3,19],"tags":[3429,3486,47,61],"class_list":["post-25739","post","type-post","status-publish","format-standard","has-post-thumbnail","hentry","category-destaques","category-noticias2","category-regiao","category-ribeira-do-pombal","category-saude","tag-coronavirus","tag-covid-19","tag-ribeira-do-pombal","tag-saude"],"aioseo_notices":[],"_links":{"self":[{"href":"https:\/\/www.portalalerta.com.br\/index.php\/wp-json\/wp\/v2\/posts\/25739","targetHints":{"allow":["GET"]}}],"collection":[{"href":"https:\/\/www.portalalerta.com.br\/index.php\/wp-json\/wp\/v2\/posts"}],"about":[{"href":"https:\/\/www.portalalerta.com.br\/index.php\/wp-json\/wp\/v2\/types\/post"}],"author":[{"embeddable":true,"href":"https:\/\/www.portalalerta.com.br\/index.php\/wp-json\/wp\/v2\/users\/2"}],"replies":[{"embeddable":true,"href":"https:\/\/www.portalalerta.com.br\/index.php\/wp-json\/wp\/v2\/comments?post=25739"}],"version-history":[{"count":1,"href":"https:\/\/www.portalalerta.com.br\/index.php\/wp-json\/wp\/v2\/posts\/25739\/revisions"}],"predecessor-version":[{"id":25740,"href":"https:\/\/www.portalalerta.com.br\/index.php\/wp-json\/wp\/v2\/posts\/25739\/revisions\/25740"}],"wp:featuredmedia":[{"embeddable":true,"href":"https:\/\/www.portalalerta.com.br\/index.php\/wp-json\/wp\/v2\/media\/3952"}],"wp:attachment":[{"href":"https:\/\/www.portalalerta.com.br\/index.php\/wp-json\/wp\/v2\/media?parent=25739"}],"wp:term":[{"taxonomy":"category","embeddable":true,"href":"https:\/\/www.portalalerta.com.br\/index.php\/wp-json\/wp\/v2\/categories?post=25739"},{"taxonomy":"post_tag","embeddable":true,"href":"https:\/\/www.portalalerta.com.br\/index.php\/wp-json\/wp\/v2\/tags?post=25739"}],"curies":[{"name":"wp","href":"https:\/\/api.w.org\/{rel}","templated":true}]}}