{"id":25777,"date":"2020-06-21T03:36:29","date_gmt":"2020-06-21T06:36:29","guid":{"rendered":"https:\/\/www.portalalerta.com.br\/?p=25777"},"modified":"2020-06-21T03:36:29","modified_gmt":"2020-06-21T06:36:29","slug":"bolsonaro-confirma-mario-frias-na-secretaria-de-cultura","status":"publish","type":"post","link":"https:\/\/www.portalalerta.com.br\/index.php\/2020\/06\/21\/bolsonaro-confirma-mario-frias-na-secretaria-de-cultura\/","title":{"rendered":"Bolsonaro confirma M\u00e1rio Frias na Secretaria de Cultura"},"content":{"rendered":"<p style=\"text-align: justify;\">O presidente Jair Bolsonaro confirmou o ator\u00a0M\u00e1rio Frias\u00a0como o novo secret\u00e1rio Especial da Cultura do governo de\u00a0Jair Bolsonaro\u00a0no lugar de Regina Duarte, que deixou o cargo no final de maio. Frias se reuniu com Bolsonaro, na \u00faltima quinta-feira (18), no Pal\u00e1cio do Planalto.\u00a0<!--more--><\/p>\n<p style=\"text-align: justify;\">O presidente chegou a sondar outros nomes para a Secretaria de Cultura, mas acabou anunciando o ator.<\/p>\n<p style=\"text-align: justify;\">M\u00e1rio Frias intensificou a defesa ao governo nas redes sociais nos \u00faltimos dias. O ator ficou conhecido por participar da novela adolescente Malha\u00e7\u00e3o, da Rede Globo, no final dos anos 1990.<\/p>\n<p style=\"text-align: justify;\"><img fetchpriority=\"high\" decoding=\"async\" class=\"size-thumbnail wp-image-25012 aligncenter\" src=\"https:\/\/www.portalalerta.com.br\/wp-content\/uploads\/2020\/06\/real-acordo.1-720x92.jpg\" alt=\"\" width=\"720\" height=\"92\" \/>Em uma rede social, ele resumiu sua carreira: \u201cA hist\u00f3ria de um jovem brasileiro que nos encanta na telinha desde 1996\u201d.<\/p>\n<p style=\"text-align: justify;\"><strong>\u201cOBSCURANTISMO\u201d\u00a0<\/strong><\/p>\n<p style=\"text-align: justify;\">A nomea\u00e7\u00e3o de M\u00e1rio Frias como secret\u00e1rio Especial de Cultura \u00e9 vista com desconfian\u00e7a por parlamentares e l\u00edderes partid\u00e1rios.<\/p>\n<p style=\"text-align: justify;\">Na avalia\u00e7\u00e3o do senador Fabiano Cantarato (Rede-ES), a secretaria ainda deve atravessar um longo inverno de obscurantismo.<\/p>\n<p style=\"text-align: justify;\">\u201cSe a gest\u00e3o ruidosa de Regina terminou, o mesmo n\u00e3o se pode dizer sobre o obscurantismo na Cultura, que ainda atravessar\u00e1 um longo inverno\u201d.<\/p>\n<p style=\"text-align: justify;\"><em>Fonte: Yahoo Not\u00edcias<\/em><\/p>\n","protected":false},"excerpt":{"rendered":"<p>O presidente Jair Bolsonaro confirmou o ator\u00a0M\u00e1rio Frias\u00a0como o novo secret\u00e1rio Especial da Cultura do governo de\u00a0Jair Bolsonaro\u00a0no lugar de Regina Duarte, que deixou o cargo no final de maio. Frias se reuniu com Bolsonaro, na \u00faltima quinta-feira (18), no Pal\u00e1cio do Planalto.\u00a0<\/p>\n","protected":false},"author":2,"featured_media":25778,"comment_status":"open","ping_status":"open","sticky":false,"template":"","format":"standard","meta":{"om_disable_all_campaigns":false,"_monsterinsights_skip_tracking":false,"_monsterinsights_sitenote_active":false,"_monsterinsights_sitenote_note":"","_monsterinsights_sitenote_category":0,"footnotes":""},"categories":[34,70,69,21],"tags":[93,249,3746,1484,3747],"class_list":["post-25777","post","type-post","status-publish","format-standard","has-post-thumbnail","hentry","category-brasil","category-destaques","category-noticias2","category-politica","tag-brasil","tag-governo-federal","tag-mario-frias","tag-secretaria-de-cultura","tag-secretario-de-cultura"],"aioseo_notices":[],"_links":{"self":[{"href":"https:\/\/www.portalalerta.com.br\/index.php\/wp-json\/wp\/v2\/posts\/25777","targetHints":{"allow":["GET"]}}],"collection":[{"href":"https:\/\/www.portalalerta.com.br\/index.php\/wp-json\/wp\/v2\/posts"}],"about":[{"href":"https:\/\/www.portalalerta.com.br\/index.php\/wp-json\/wp\/v2\/types\/post"}],"author":[{"embeddable":true,"href":"https:\/\/www.portalalerta.com.br\/index.php\/wp-json\/wp\/v2\/users\/2"}],"replies":[{"embeddable":true,"href":"https:\/\/www.portalalerta.com.br\/index.php\/wp-json\/wp\/v2\/comments?post=25777"}],"version-history":[{"count":1,"href":"https:\/\/www.portalalerta.com.br\/index.php\/wp-json\/wp\/v2\/posts\/25777\/revisions"}],"predecessor-version":[{"id":25779,"href":"https:\/\/www.portalalerta.com.br\/index.php\/wp-json\/wp\/v2\/posts\/25777\/revisions\/25779"}],"wp:featuredmedia":[{"embeddable":true,"href":"https:\/\/www.portalalerta.com.br\/index.php\/wp-json\/wp\/v2\/media\/25778"}],"wp:attachment":[{"href":"https:\/\/www.portalalerta.com.br\/index.php\/wp-json\/wp\/v2\/media?parent=25777"}],"wp:term":[{"taxonomy":"category","embeddable":true,"href":"https:\/\/www.portalalerta.com.br\/index.php\/wp-json\/wp\/v2\/categories?post=25777"},{"taxonomy":"post_tag","embeddable":true,"href":"https:\/\/www.portalalerta.com.br\/index.php\/wp-json\/wp\/v2\/tags?post=25777"}],"curies":[{"name":"wp","href":"https:\/\/api.w.org\/{rel}","templated":true}]}}