{"id":25780,"date":"2020-06-21T03:43:37","date_gmt":"2020-06-21T06:43:37","guid":{"rendered":"https:\/\/www.portalalerta.com.br\/?p=25780"},"modified":"2020-06-21T03:43:37","modified_gmt":"2020-06-21T06:43:37","slug":"heliopolis-ba-registra-o-primeiro-caso-de-covid-19","status":"publish","type":"post","link":"https:\/\/www.portalalerta.com.br\/index.php\/2020\/06\/21\/heliopolis-ba-registra-o-primeiro-caso-de-covid-19\/","title":{"rendered":"Heli\u00f3polis-BA registra o primeiro caso de Covid-19"},"content":{"rendered":"<p style=\"text-align: justify;\">Pouco mais de tr\u00eas meses foram suficientes para que a Covid-19 rompesse a barreira sanit\u00e1ria e chegasse a Heli\u00f3polis-BA. At\u00e9 este s\u00e1bado (20), era o \u00fanico munic\u00edpio do Semi\u00e1rido Nordeste II da Bahia que n\u00e3o tinha casos da doen\u00e7a.<!--more--><\/p>\n<p style=\"text-align: justify;\"><img fetchpriority=\"high\" decoding=\"async\" class=\"size-thumbnail wp-image-9394 alignleft\" src=\"https:\/\/www.portalalerta.com.br\/wp-content\/uploads\/2018\/07\/05elab-320x240.jpg\" alt=\"\" width=\"320\" height=\"240\" srcset=\"https:\/\/www.portalalerta.com.br\/wp-content\/uploads\/2018\/07\/05elab-320x240.jpg 320w, https:\/\/www.portalalerta.com.br\/wp-content\/uploads\/2018\/07\/05elab-195x146.jpg 195w, https:\/\/www.portalalerta.com.br\/wp-content\/uploads\/2018\/07\/05elab-50x38.jpg 50w, https:\/\/www.portalalerta.com.br\/wp-content\/uploads\/2018\/07\/05elab-100x75.jpg 100w, https:\/\/www.portalalerta.com.br\/wp-content\/uploads\/2018\/07\/05elab.jpg 400w\" sizes=\"(max-width: 320px) 100vw, 320px\" \/>O prefeito de Heli\u00f3polis, Ildefonso Andrade Fonseca \u2013 o Ildinho, e o secret\u00e1rio municipal de sa\u00fade, Ebimael Carvalho, anunciaram nas redes sociais a not\u00edcia que nenhum morador do munic\u00edpio queria ouvir. O rapaz de 23 anos que contraiu a Covid-19 trabalha em Po\u00e7o Verde-SE, mas \u00e9 morador na cidade de Heli\u00f3polis, no bairro da Mangabeira.<\/p>\n<p style=\"text-align: justify;\">Os casos em Po\u00e7o Verde j\u00e1 h\u00e1 muito tempo s\u00e3o transmitidos comunitariamente e o risco \u00e9 sempre maior. Foi l\u00e1 que o primeiro paciente de Heli\u00f3polis foi infectado pela doen\u00e7a, mas j\u00e1 est\u00e1 isolado e a secretaria de sa\u00fade de Heli\u00f3polis j\u00e1 tomou todas as provid\u00eancias para que n\u00e3o haja mais contamina\u00e7\u00e3o.<\/p>\n<p style=\"text-align: justify;\"><em>Fonte: Joilson Costa<\/em><\/p>\n<p style=\"text-align: justify;\"><em>Com informa\u00e7\u00f5es: Contra Prosa<\/em><\/p>\n","protected":false},"excerpt":{"rendered":"<p>Pouco mais de tr\u00eas meses foram suficientes para que a Covid-19 rompesse a barreira sanit\u00e1ria e chegasse a Heli\u00f3polis-BA. At\u00e9 este s\u00e1bado (20), era o \u00fanico munic\u00edpio do Semi\u00e1rido Nordeste II da Bahia que n\u00e3o tinha casos da doen\u00e7a.<\/p>\n","protected":false},"author":2,"featured_media":13512,"comment_status":"open","ping_status":"open","sticky":false,"template":"","format":"standard","meta":{"om_disable_all_campaigns":false,"_monsterinsights_skip_tracking":false,"_monsterinsights_sitenote_active":false,"_monsterinsights_sitenote_note":"","_monsterinsights_sitenote_category":0,"footnotes":""},"categories":[70,6,69,32,19],"tags":[3429,3486,44,61],"class_list":["post-25780","post","type-post","status-publish","format-standard","has-post-thumbnail","hentry","category-destaques","category-heliopolis","category-noticias2","category-regiao","category-saude","tag-coronavirus","tag-covid-19","tag-heliopolis","tag-saude"],"aioseo_notices":[],"_links":{"self":[{"href":"https:\/\/www.portalalerta.com.br\/index.php\/wp-json\/wp\/v2\/posts\/25780","targetHints":{"allow":["GET"]}}],"collection":[{"href":"https:\/\/www.portalalerta.com.br\/index.php\/wp-json\/wp\/v2\/posts"}],"about":[{"href":"https:\/\/www.portalalerta.com.br\/index.php\/wp-json\/wp\/v2\/types\/post"}],"author":[{"embeddable":true,"href":"https:\/\/www.portalalerta.com.br\/index.php\/wp-json\/wp\/v2\/users\/2"}],"replies":[{"embeddable":true,"href":"https:\/\/www.portalalerta.com.br\/index.php\/wp-json\/wp\/v2\/comments?post=25780"}],"version-history":[{"count":1,"href":"https:\/\/www.portalalerta.com.br\/index.php\/wp-json\/wp\/v2\/posts\/25780\/revisions"}],"predecessor-version":[{"id":25781,"href":"https:\/\/www.portalalerta.com.br\/index.php\/wp-json\/wp\/v2\/posts\/25780\/revisions\/25781"}],"wp:featuredmedia":[{"embeddable":true,"href":"https:\/\/www.portalalerta.com.br\/index.php\/wp-json\/wp\/v2\/media\/13512"}],"wp:attachment":[{"href":"https:\/\/www.portalalerta.com.br\/index.php\/wp-json\/wp\/v2\/media?parent=25780"}],"wp:term":[{"taxonomy":"category","embeddable":true,"href":"https:\/\/www.portalalerta.com.br\/index.php\/wp-json\/wp\/v2\/categories?post=25780"},{"taxonomy":"post_tag","embeddable":true,"href":"https:\/\/www.portalalerta.com.br\/index.php\/wp-json\/wp\/v2\/tags?post=25780"}],"curies":[{"name":"wp","href":"https:\/\/api.w.org\/{rel}","templated":true}]}}