{"id":25782,"date":"2020-06-21T03:47:57","date_gmt":"2020-06-21T06:47:57","guid":{"rendered":"https:\/\/www.portalalerta.com.br\/?p=25782"},"modified":"2020-06-21T03:47:57","modified_gmt":"2020-06-21T06:47:57","slug":"policiais-militares-da-reserva-sao-convocados-para-trabalhar-na-bahia","status":"publish","type":"post","link":"https:\/\/www.portalalerta.com.br\/index.php\/2020\/06\/21\/policiais-militares-da-reserva-sao-convocados-para-trabalhar-na-bahia\/","title":{"rendered":"Policiais militares da reserva s\u00e3o convocados para trabalhar na Bahia"},"content":{"rendered":"<p style=\"text-align: justify;\">Os 126 policiais militares da Reserva Remunerada que foram convocados para exercer atividades espec\u00edficas foram confirmados na edi\u00e7\u00e3o deste s\u00e1bado (20) do Di\u00e1rio Oficial do Estado da Bahia<!--more--><\/p>\n<p style=\"text-align: justify;\">Eles s\u00e3o os primeiros convocados dentre os que j\u00e1 se inscreveram para retornar ao trabalho, de forma volunt\u00e1ria, sem perder nenhum dos seus direitos e prerrogativas de policiais reservistas, conforme edital previamente publicado.<\/p>\n<p style=\"text-align: justify;\"><img fetchpriority=\"high\" decoding=\"async\" class=\"size-thumbnail wp-image-4869 aligncenter\" src=\"https:\/\/www.portalalerta.com.br\/wp-content\/uploads\/2018\/02\/Auto-Escola-Nobre-720x181.jpg\" alt=\"\" width=\"720\" height=\"181\" srcset=\"https:\/\/www.portalalerta.com.br\/wp-content\/uploads\/2018\/02\/Auto-Escola-Nobre.jpg 720w, https:\/\/www.portalalerta.com.br\/wp-content\/uploads\/2018\/02\/Auto-Escola-Nobre-260x65.jpg 260w, https:\/\/www.portalalerta.com.br\/wp-content\/uploads\/2018\/02\/Auto-Escola-Nobre-50x13.jpg 50w, https:\/\/www.portalalerta.com.br\/wp-content\/uploads\/2018\/02\/Auto-Escola-Nobre-150x38.jpg 150w\" sizes=\"(max-width: 720px) 100vw, 720px\" \/>A estrat\u00e9gia da Corpora\u00e7\u00e3o \u00e9 atender a um pleito dos reservistas que desejam retornar ao trabalho ativo, sem perder os direitos j\u00e1 garantidos e contribuir ainda mais com a seguran\u00e7a p\u00fablica e defesa social em nosso Estado.<\/p>\n<p style=\"text-align: justify;\">Em nota, o governo afirmou que o Governador do Estado autorizou a constru\u00e7\u00e3o de normativas pr\u00f3prias, a descri\u00e7\u00e3o das atividades e as formas de indeniza\u00e7\u00f5es financeiras para os convocados.<\/p>\n<p style=\"text-align: justify;\">\u201cNos pr\u00f3ximos dias outros reservistas volunt\u00e1rios, que j\u00e1 foram selecionados, ser\u00e3o convocados. Nesse momento de combate a pandemia do COVID19, em que a PMBA est\u00e1 com esfor\u00e7os redobrados, os convocados s\u00e3o bem-vindos\u201d, diz a nota.<\/p>\n<p style=\"text-align: justify;\"><em>Fonte: Correio<\/em><\/p>\n","protected":false},"excerpt":{"rendered":"<p>Os 126 policiais militares da Reserva Remunerada que foram convocados para exercer atividades espec\u00edficas foram confirmados na edi\u00e7\u00e3o deste s\u00e1bado (20) do Di\u00e1rio Oficial do Estado da Bahia<\/p>\n","protected":false},"author":2,"featured_media":18462,"comment_status":"open","ping_status":"open","sticky":false,"template":"","format":"standard","meta":{"om_disable_all_campaigns":false,"_monsterinsights_skip_tracking":false,"_monsterinsights_sitenote_active":false,"_monsterinsights_sitenote_note":"","_monsterinsights_sitenote_category":0,"footnotes":""},"categories":[33,70,69,19,22],"tags":[54,3429,3486,1988,79],"class_list":["post-25782","post","type-post","status-publish","format-standard","has-post-thumbnail","hentry","category-bahia","category-destaques","category-noticias2","category-saude","category-seguranca","tag-bahia","tag-coronavirus","tag-covid-19","tag-governo-do-estado","tag-policia-militar"],"aioseo_notices":[],"_links":{"self":[{"href":"https:\/\/www.portalalerta.com.br\/index.php\/wp-json\/wp\/v2\/posts\/25782","targetHints":{"allow":["GET"]}}],"collection":[{"href":"https:\/\/www.portalalerta.com.br\/index.php\/wp-json\/wp\/v2\/posts"}],"about":[{"href":"https:\/\/www.portalalerta.com.br\/index.php\/wp-json\/wp\/v2\/types\/post"}],"author":[{"embeddable":true,"href":"https:\/\/www.portalalerta.com.br\/index.php\/wp-json\/wp\/v2\/users\/2"}],"replies":[{"embeddable":true,"href":"https:\/\/www.portalalerta.com.br\/index.php\/wp-json\/wp\/v2\/comments?post=25782"}],"version-history":[{"count":1,"href":"https:\/\/www.portalalerta.com.br\/index.php\/wp-json\/wp\/v2\/posts\/25782\/revisions"}],"predecessor-version":[{"id":25783,"href":"https:\/\/www.portalalerta.com.br\/index.php\/wp-json\/wp\/v2\/posts\/25782\/revisions\/25783"}],"wp:featuredmedia":[{"embeddable":true,"href":"https:\/\/www.portalalerta.com.br\/index.php\/wp-json\/wp\/v2\/media\/18462"}],"wp:attachment":[{"href":"https:\/\/www.portalalerta.com.br\/index.php\/wp-json\/wp\/v2\/media?parent=25782"}],"wp:term":[{"taxonomy":"category","embeddable":true,"href":"https:\/\/www.portalalerta.com.br\/index.php\/wp-json\/wp\/v2\/categories?post=25782"},{"taxonomy":"post_tag","embeddable":true,"href":"https:\/\/www.portalalerta.com.br\/index.php\/wp-json\/wp\/v2\/tags?post=25782"}],"curies":[{"name":"wp","href":"https:\/\/api.w.org\/{rel}","templated":true}]}}