{"id":25784,"date":"2020-06-21T03:53:24","date_gmt":"2020-06-21T06:53:24","guid":{"rendered":"https:\/\/www.portalalerta.com.br\/?p=25784"},"modified":"2020-06-21T03:55:56","modified_gmt":"2020-06-21T06:55:56","slug":"com-crescimento-acelerado-araci-ja-chega-a-91-casos-confirmados-de-coronavirus","status":"publish","type":"post","link":"https:\/\/www.portalalerta.com.br\/index.php\/2020\/06\/21\/com-crescimento-acelerado-araci-ja-chega-a-91-casos-confirmados-de-coronavirus\/","title":{"rendered":"Com crescimento acelerado, Araci j\u00e1 chega a 91 casos confirmados de Coronav\u00edrus"},"content":{"rendered":"<p style=\"text-align: justify;\">Nesta sexta-feira (19), foram identificados 9 casos positivos para contamina\u00e7\u00e3o pelo Covid-19 em Araci-BA: Uma mulher de 29 anos, moradora do Munic\u00edpio, sem doen\u00e7a pr\u00e9-existente; duas mulheres do bairro Tiracolo (uma de 82 anos diab\u00e9tica, e uma de 31 anos sem doen\u00e7a pr\u00e9-existente); mais duas mulheres da Cascalheira (uma de 33 anos, que \u00e9 profissional de sa\u00fade e n\u00e3o apresentava doen\u00e7a pr\u00e9-existente, e uma de 48 anos, portadora de doen\u00e7a renal); tr\u00eas moradores do Centro (um homem de 40 anos e duas mulheres, uma de 45 e outra de 33, todos sem doen\u00e7a pr\u00e9-existente) e uma mulher de 33 anos, moradora do Riacho, sem doen\u00e7a pr\u00e9-existente.<!--more--><\/p>\n<p style=\"text-align: justify;\"><img fetchpriority=\"high\" decoding=\"async\" class=\"size-thumbnail wp-image-25012 aligncenter\" src=\"https:\/\/www.portalalerta.com.br\/wp-content\/uploads\/2020\/06\/real-acordo.1-720x92.jpg\" alt=\"\" width=\"720\" height=\"92\" \/>Araci j\u00e1 registrou 91 casos positivos. Al\u00e9m disso, o munic\u00edpio tem 45 pessoas em monitoramento por equipes de sa\u00fade e da vigil\u00e2ncia epidemiol\u00f3gica. \u201cA Vigil\u00e2ncia Epidemiol\u00f3gica vem desenvolvendo o trabalho de monitoramento de diversos pacientes e seus contatos, e realizando a testagem r\u00e1pida de todos que apresentam sintomas ou s\u00e3o pessoas que tiveram contato com os pacientes positivos\u201d, diz nota da Prefeitura Municipal.<\/p>\n<p><a href=\"https:\/\/www.portalalerta.com.br\/index.php\/2020\/05\/26\/saiba-como-esta-a-evolucao-do-covid-19-em-araci-ba\/\"><strong>Clique aqui e saiba como est\u00e1 a evolu\u00e7\u00e3o do Covid-19 em Araci-BA<\/strong><\/a><\/p>\n<p style=\"text-align: justify;\"><em>Fonte: A Voz do Campo<\/em><\/p>\n","protected":false},"excerpt":{"rendered":"<p>Nesta sexta-feira (19), foram identificados 9 casos positivos para contamina\u00e7\u00e3o pelo Covid-19 em Araci-BA: Uma mulher de 29 anos, moradora do Munic\u00edpio, sem doen\u00e7a pr\u00e9-existente; duas mulheres do bairro Tiracolo (uma de 82 anos diab\u00e9tica, e uma de 31 anos sem doen\u00e7a pr\u00e9-existente); mais duas mulheres da Cascalheira (uma de 33 anos, que \u00e9 profissional &hellip;<\/p>\n","protected":false},"author":2,"featured_media":7867,"comment_status":"open","ping_status":"open","sticky":false,"template":"","format":"standard","meta":{"om_disable_all_campaigns":false,"_monsterinsights_skip_tracking":false,"_monsterinsights_sitenote_active":false,"_monsterinsights_sitenote_note":"","_monsterinsights_sitenote_category":0,"footnotes":""},"categories":[41,70,69,32,19],"tags":[48,3429,3486,61],"class_list":["post-25784","post","type-post","status-publish","format-standard","has-post-thumbnail","hentry","category-araci","category-destaques","category-noticias2","category-regiao","category-saude","tag-araci","tag-coronavirus","tag-covid-19","tag-saude"],"aioseo_notices":[],"_links":{"self":[{"href":"https:\/\/www.portalalerta.com.br\/index.php\/wp-json\/wp\/v2\/posts\/25784","targetHints":{"allow":["GET"]}}],"collection":[{"href":"https:\/\/www.portalalerta.com.br\/index.php\/wp-json\/wp\/v2\/posts"}],"about":[{"href":"https:\/\/www.portalalerta.com.br\/index.php\/wp-json\/wp\/v2\/types\/post"}],"author":[{"embeddable":true,"href":"https:\/\/www.portalalerta.com.br\/index.php\/wp-json\/wp\/v2\/users\/2"}],"replies":[{"embeddable":true,"href":"https:\/\/www.portalalerta.com.br\/index.php\/wp-json\/wp\/v2\/comments?post=25784"}],"version-history":[{"count":2,"href":"https:\/\/www.portalalerta.com.br\/index.php\/wp-json\/wp\/v2\/posts\/25784\/revisions"}],"predecessor-version":[{"id":25786,"href":"https:\/\/www.portalalerta.com.br\/index.php\/wp-json\/wp\/v2\/posts\/25784\/revisions\/25786"}],"wp:featuredmedia":[{"embeddable":true,"href":"https:\/\/www.portalalerta.com.br\/index.php\/wp-json\/wp\/v2\/media\/7867"}],"wp:attachment":[{"href":"https:\/\/www.portalalerta.com.br\/index.php\/wp-json\/wp\/v2\/media?parent=25784"}],"wp:term":[{"taxonomy":"category","embeddable":true,"href":"https:\/\/www.portalalerta.com.br\/index.php\/wp-json\/wp\/v2\/categories?post=25784"},{"taxonomy":"post_tag","embeddable":true,"href":"https:\/\/www.portalalerta.com.br\/index.php\/wp-json\/wp\/v2\/tags?post=25784"}],"curies":[{"name":"wp","href":"https:\/\/api.w.org\/{rel}","templated":true}]}}