{"id":25790,"date":"2020-06-21T14:06:55","date_gmt":"2020-06-21T17:06:55","guid":{"rendered":"https:\/\/www.portalalerta.com.br\/?p=25790"},"modified":"2020-06-21T14:24:13","modified_gmt":"2020-06-21T17:24:13","slug":"advogado-dos-bolsonaros-diz-que-nunca-falou-com-queiroz-e-uma-armacao","status":"publish","type":"post","link":"https:\/\/www.portalalerta.com.br\/index.php\/2020\/06\/21\/advogado-dos-bolsonaros-diz-que-nunca-falou-com-queiroz-e-uma-armacao\/","title":{"rendered":"Advogado dos Bolsonaros diz que nunca falou com Queiroz: &#8220;\u00c9 uma arma\u00e7\u00e3o&#8221;"},"content":{"rendered":"<p style=\"text-align: justify;\">Advogado da fam\u00edlia\u00a0Bolsonaro, Frederick Wassef negou ter escondido Fabr\u00edcio Queiroz em seu im\u00f3vel, em Atibaia (SP), e disse ter sido v\u00edtima de uma \u201carma\u00e7\u00e3o\u201d contra o presidente, de quem se diz amigo<!--more--><\/p>\n<p style=\"text-align: justify;\"><img fetchpriority=\"high\" decoding=\"async\" class=\"size-thumbnail wp-image-9394 alignleft\" src=\"https:\/\/www.portalalerta.com.br\/wp-content\/uploads\/2018\/07\/05elab-320x240.jpg\" alt=\"\" width=\"320\" height=\"240\" srcset=\"https:\/\/www.portalalerta.com.br\/wp-content\/uploads\/2018\/07\/05elab-320x240.jpg 320w, https:\/\/www.portalalerta.com.br\/wp-content\/uploads\/2018\/07\/05elab-195x146.jpg 195w, https:\/\/www.portalalerta.com.br\/wp-content\/uploads\/2018\/07\/05elab-50x38.jpg 50w, https:\/\/www.portalalerta.com.br\/wp-content\/uploads\/2018\/07\/05elab-100x75.jpg 100w, https:\/\/www.portalalerta.com.br\/wp-content\/uploads\/2018\/07\/05elab.jpg 400w\" sizes=\"(max-width: 320px) 100vw, 320px\" \/>\u201cNunca telefonei para Queiroz, nunca troquei mensagem com Queiroz nem com ningu\u00e9m de sua fam\u00edlia. Isso \u00e9 uma arma\u00e7\u00e3o para incriminar o presidente\u201d, afirmou Wassef em entrevista ao jornal Folha de S.Paulo.<\/p>\n<p style=\"text-align: justify;\">Queiroz foi preso na \u00faltima quinta-feira (18). O ex-policial militar \u00e9 suspeito de operar um esquema de \u201crachadinhas\u201d (recolhimento de parte do sal\u00e1rio de servidores) no gabinete do ent\u00e3o deputado estadual Fl\u00e1vio Bolsonaro, hoje senador (Republicanos-RJ).<\/p>\n<p style=\"text-align: justify;\">\u201cN\u00e3o escondi ningu\u00e9m\u201d, acrescentou Wassef. \u201cEst\u00e3o me atribuindo coisas que n\u00e3o fiz. O escrit\u00f3rio estava vazio. Os m\u00f3veis estavam do lado de fora da casa. Tudo estava fora do lugar.\u201d<\/p>\n<p style=\"text-align: justify;\">O advogado declarou que um malote foi \u201cplantado\u201d no im\u00f3vel e que Fabr\u00edcio Queiroz foi submetido a duas cirurgias na Santa Casa de Bragan\u00e7a Paulista (SP): \u201cN\u00e3o \u00e9 verdade que tenha passado um ano no meu escrit\u00f3rio\u201d.<\/p>\n<p style=\"text-align: justify;\"><em>Fonte: Yahoo Not\u00edcias<\/em><\/p>\n","protected":false},"excerpt":{"rendered":"<p>Advogado da fam\u00edlia\u00a0Bolsonaro, Frederick Wassef negou ter escondido Fabr\u00edcio Queiroz em seu im\u00f3vel, em Atibaia (SP), e disse ter sido v\u00edtima de uma \u201carma\u00e7\u00e3o\u201d contra o presidente, de quem se diz amigo<\/p>\n","protected":false},"author":2,"featured_media":25702,"comment_status":"open","ping_status":"open","sticky":false,"template":"","format":"standard","meta":{"om_disable_all_campaigns":false,"_monsterinsights_skip_tracking":false,"_monsterinsights_sitenote_active":false,"_monsterinsights_sitenote_note":"","_monsterinsights_sitenote_category":0,"footnotes":""},"categories":[34,70,69,21],"tags":[93,2031,1976,3743,199],"class_list":["post-25790","post","type-post","status-publish","format-standard","has-post-thumbnail","hentry","category-brasil","category-destaques","category-noticias2","category-politica","tag-brasil","tag-fabricio-queiroz","tag-flavio-bolsonaro","tag-frederick-wassef","tag-politica"],"aioseo_notices":[],"_links":{"self":[{"href":"https:\/\/www.portalalerta.com.br\/index.php\/wp-json\/wp\/v2\/posts\/25790","targetHints":{"allow":["GET"]}}],"collection":[{"href":"https:\/\/www.portalalerta.com.br\/index.php\/wp-json\/wp\/v2\/posts"}],"about":[{"href":"https:\/\/www.portalalerta.com.br\/index.php\/wp-json\/wp\/v2\/types\/post"}],"author":[{"embeddable":true,"href":"https:\/\/www.portalalerta.com.br\/index.php\/wp-json\/wp\/v2\/users\/2"}],"replies":[{"embeddable":true,"href":"https:\/\/www.portalalerta.com.br\/index.php\/wp-json\/wp\/v2\/comments?post=25790"}],"version-history":[{"count":1,"href":"https:\/\/www.portalalerta.com.br\/index.php\/wp-json\/wp\/v2\/posts\/25790\/revisions"}],"predecessor-version":[{"id":25791,"href":"https:\/\/www.portalalerta.com.br\/index.php\/wp-json\/wp\/v2\/posts\/25790\/revisions\/25791"}],"wp:featuredmedia":[{"embeddable":true,"href":"https:\/\/www.portalalerta.com.br\/index.php\/wp-json\/wp\/v2\/media\/25702"}],"wp:attachment":[{"href":"https:\/\/www.portalalerta.com.br\/index.php\/wp-json\/wp\/v2\/media?parent=25790"}],"wp:term":[{"taxonomy":"category","embeddable":true,"href":"https:\/\/www.portalalerta.com.br\/index.php\/wp-json\/wp\/v2\/categories?post=25790"},{"taxonomy":"post_tag","embeddable":true,"href":"https:\/\/www.portalalerta.com.br\/index.php\/wp-json\/wp\/v2\/tags?post=25790"}],"curies":[{"name":"wp","href":"https:\/\/api.w.org\/{rel}","templated":true}]}}