{"id":25794,"date":"2020-06-21T14:17:12","date_gmt":"2020-06-21T17:17:12","guid":{"rendered":"https:\/\/www.portalalerta.com.br\/?p=25794"},"modified":"2020-06-21T14:17:12","modified_gmt":"2020-06-21T17:17:12","slug":"governador-rui-costa-prorroga-decretos-de-suspensao-de-aulas-e-de-eventos","status":"publish","type":"post","link":"https:\/\/www.portalalerta.com.br\/index.php\/2020\/06\/21\/governador-rui-costa-prorroga-decretos-de-suspensao-de-aulas-e-de-eventos\/","title":{"rendered":"Governador Rui Costa prorroga decretos de suspens\u00e3o de aulas e de eventos"},"content":{"rendered":"<p style=\"text-align: justify;\">Eventos com mais de 50 pessoas e aulas nas unidades de ensino das redes p\u00fablica e privada seguem proibidos em todo o territ\u00f3rio estadual por pelo menos mais 15 dias. A novidade foi anunciada pelo governador Rui Costa, no fim da tarde da \u00faltima sexta-feira (19), durante a live que faz para atualizar os n\u00fameros do novo coronav\u00edrus na Bahia. O decreto n\u00b0 19.586, que determina a proibi\u00e7\u00e3o das atividades e venceria neste domingo (21), ficar\u00e1 em vigor at\u00e9 o dia 6 de julho.<!--more--><\/p>\n<p style=\"text-align: justify;\">Segundo o governador, como nas outras vezes, quando estiver perto de vencer o prazo do decreto, o cen\u00e1rio voltar\u00e1 a ser avaliado. \u201cAtualmente, a Bahia registra 43.922 casos com 22.028 ativos, 20.589 curados e 1.305 \u00f3bitos, bem como 1.300 leitos ocupados, chegando a 75% de ocupa\u00e7\u00e3o. S\u00e3o n\u00fameros que deixam a Bahia em uma situa\u00e7\u00e3o melhor do que a de outros estados, mas n\u00e3o se pode vacilar. N\u00e3o podemos abaixar a guarda. Por isso, o decreto precisa ser renovado\u201d, explicou Rui.<\/p>\n<p style=\"text-align: justify;\">O decreto pro\u00edbe todas as atividades que envolvem aglomera\u00e7\u00e3o de pessoas, como eventos desportivos &#8211; inclusive jogos de campeonatos de futebol, profissionais e amadores -, religiosos, shows, feiras, apresenta\u00e7\u00f5es circenses, eventos cient\u00edficos, passeatas, aulas em academias de dan\u00e7a e gin\u00e1stica, bem como abertura e funcionamento de zool\u00f3gicos, museus, teatros, dentre outros.<\/p>\n<p style=\"text-align: justify;\"><img fetchpriority=\"high\" decoding=\"async\" class=\"size-thumbnail wp-image-25012 aligncenter\" src=\"https:\/\/www.portalalerta.com.br\/wp-content\/uploads\/2020\/06\/real-acordo.1-720x92.jpg\" alt=\"\" width=\"720\" height=\"92\" \/>Ainda visando conter a dissemina\u00e7\u00e3o acelerada do novo coronav\u00edrus nas diferentes regi\u00f5es do estado, o decreto tamb\u00e9m engloba a suspens\u00e3o do transporte coletivo intermunicipal em cidades baianas com registros recentes de casos da Covid-19.<\/p>\n<p style=\"text-align: justify;\"><strong>Testagem de estudantes<\/strong><\/p>\n<p style=\"text-align: justify;\">O governador ainda contou que, na pr\u00f3xima ter\u00e7a-feira (23), o Estado come\u00e7ar\u00e1 uma nova etapa no monitoramento da Covid-19. \u201cSer\u00e3o feitos testes, em um primeiro momento, em alunos da rede estadual de Itaju\u00edpe, Ipia\u00fa e Uru\u00e7uca, cidades que oficialmente registram pelo menos 1% da popula\u00e7\u00e3o contaminada pelo v\u00edrus. A ideia \u00e9 tentar fazer um diagn\u00f3stico dos alunos da rede, tendo acesso a dados como quantos tiveram, quantos est\u00e3o contaminados, obtendo assim uma pequena amostra do que est\u00e1 ocorrendo com esses estudantes, bem como com os servidores e possibilitando a elabora\u00e7\u00e3o de um plano mais assertivo de retomada das aulas\u201d, detalhou.<\/p>\n<p style=\"text-align: justify;\">Rui finalizou a transmiss\u00e3o pedindo a compreens\u00e3o e a paci\u00eancia dos baianos diante da chegada do S\u00e3o Jo\u00e3o. \u201cQuando antecipamos as datas comemorativas juninas, muita gente fez gra\u00e7a. Precisamos levar isso a s\u00e9rio e evitar aglomera\u00e7\u00f5es, inclusive dentro de casa, com os pr\u00f3prios familiares. Estamos perto de vencer essa doen\u00e7a e precisamos do apoio de todos, que cada um fa\u00e7a a sua parte\u201d, concluiu.<\/p>\n<p style=\"text-align: justify;\"><em>Fonte: Itapicuru Not\u00edcias<\/em><\/p>\n","protected":false},"excerpt":{"rendered":"<p>Eventos com mais de 50 pessoas e aulas nas unidades de ensino das redes p\u00fablica e privada seguem proibidos em todo o territ\u00f3rio estadual por pelo menos mais 15 dias. A novidade foi anunciada pelo governador Rui Costa, no fim da tarde da \u00faltima sexta-feira (19), durante a live que faz para atualizar os n\u00fameros &hellip;<\/p>\n","protected":false},"author":2,"featured_media":22949,"comment_status":"open","ping_status":"open","sticky":false,"template":"","format":"standard","meta":{"om_disable_all_campaigns":false,"_monsterinsights_skip_tracking":false,"_monsterinsights_sitenote_active":false,"_monsterinsights_sitenote_note":"","_monsterinsights_sitenote_category":0,"footnotes":""},"categories":[33,70,20,69,19],"tags":[1146,54,3429,3486,140,283,282,61],"class_list":["post-25794","post","type-post","status-publish","format-standard","has-post-thumbnail","hentry","category-bahia","category-destaques","category-educacao","category-noticias2","category-saude","tag-aulas-suspensas","tag-bahia","tag-coronavirus","tag-covid-19","tag-educacao","tag-governador","tag-rui-costa","tag-saude"],"aioseo_notices":[],"_links":{"self":[{"href":"https:\/\/www.portalalerta.com.br\/index.php\/wp-json\/wp\/v2\/posts\/25794","targetHints":{"allow":["GET"]}}],"collection":[{"href":"https:\/\/www.portalalerta.com.br\/index.php\/wp-json\/wp\/v2\/posts"}],"about":[{"href":"https:\/\/www.portalalerta.com.br\/index.php\/wp-json\/wp\/v2\/types\/post"}],"author":[{"embeddable":true,"href":"https:\/\/www.portalalerta.com.br\/index.php\/wp-json\/wp\/v2\/users\/2"}],"replies":[{"embeddable":true,"href":"https:\/\/www.portalalerta.com.br\/index.php\/wp-json\/wp\/v2\/comments?post=25794"}],"version-history":[{"count":1,"href":"https:\/\/www.portalalerta.com.br\/index.php\/wp-json\/wp\/v2\/posts\/25794\/revisions"}],"predecessor-version":[{"id":25795,"href":"https:\/\/www.portalalerta.com.br\/index.php\/wp-json\/wp\/v2\/posts\/25794\/revisions\/25795"}],"wp:featuredmedia":[{"embeddable":true,"href":"https:\/\/www.portalalerta.com.br\/index.php\/wp-json\/wp\/v2\/media\/22949"}],"wp:attachment":[{"href":"https:\/\/www.portalalerta.com.br\/index.php\/wp-json\/wp\/v2\/media?parent=25794"}],"wp:term":[{"taxonomy":"category","embeddable":true,"href":"https:\/\/www.portalalerta.com.br\/index.php\/wp-json\/wp\/v2\/categories?post=25794"},{"taxonomy":"post_tag","embeddable":true,"href":"https:\/\/www.portalalerta.com.br\/index.php\/wp-json\/wp\/v2\/tags?post=25794"}],"curies":[{"name":"wp","href":"https:\/\/api.w.org\/{rel}","templated":true}]}}