{"id":25796,"date":"2020-06-21T14:21:39","date_gmt":"2020-06-21T17:21:39","guid":{"rendered":"https:\/\/www.portalalerta.com.br\/?p=25796"},"modified":"2020-06-21T14:21:39","modified_gmt":"2020-06-21T17:21:39","slug":"grupo-de-pessoas-e-conduzido-para-a-delegacia-apos-policia-interromper-festa-em-ribeira-do-pombal-ba","status":"publish","type":"post","link":"https:\/\/www.portalalerta.com.br\/index.php\/2020\/06\/21\/grupo-de-pessoas-e-conduzido-para-a-delegacia-apos-policia-interromper-festa-em-ribeira-do-pombal-ba\/","title":{"rendered":"Grupo de pessoas \u00e9 conduzido para a Delegacia, ap\u00f3s pol\u00edcia interromper festa, em Ribeira do Pombal-BA"},"content":{"rendered":"<p style=\"text-align: justify;\">No final da noite da \u00faltima sexta-feira, 19, policiais militares do 2\u00ba Pelot\u00e3o\/ Ribeira do Pombal-BA, receberam uma den\u00fancia de que um grupo de pessoas estava promovendo um evento festivo, numa propriedade rural, situada na Fazenda Curralinho, no referido munic\u00edpio.<!--more--><\/p>\n<p style=\"text-align: justify;\"><img fetchpriority=\"high\" decoding=\"async\" class=\"size-thumbnail wp-image-9394 alignleft\" src=\"https:\/\/www.portalalerta.com.br\/wp-content\/uploads\/2018\/07\/05elab-320x240.jpg\" alt=\"\" width=\"320\" height=\"240\" srcset=\"https:\/\/www.portalalerta.com.br\/wp-content\/uploads\/2018\/07\/05elab-320x240.jpg 320w, https:\/\/www.portalalerta.com.br\/wp-content\/uploads\/2018\/07\/05elab-195x146.jpg 195w, https:\/\/www.portalalerta.com.br\/wp-content\/uploads\/2018\/07\/05elab-50x38.jpg 50w, https:\/\/www.portalalerta.com.br\/wp-content\/uploads\/2018\/07\/05elab-100x75.jpg 100w, https:\/\/www.portalalerta.com.br\/wp-content\/uploads\/2018\/07\/05elab.jpg 400w\" sizes=\"(max-width: 320px) 100vw, 320px\" \/>Os militares seguiram para o local, onde constataram a veracidade da den\u00fancia, encontrando um n\u00famero consider\u00e1vel de pessoas, fazendo uso de bebida alco\u00f3lica, al\u00e9m de som automotivo em alto volume.<\/p>\n<p style=\"text-align: justify;\">Todos os presentes foram abordados, n\u00e3o sendo encontrado nada de il\u00edcito com os mesmos. O propriet\u00e1rio do carro em que estava o aparelho sonoro, fugiu com a chegada da pol\u00edcia, deixando o ve\u00edculo fechado.<\/p>\n<p style=\"text-align: justify;\">Ao todo, treze pessoas foram conduzidas para a Delegacia de Pol\u00edcia Civil da cidade, onde foram apresentadas por Infringirem determina\u00e7\u00e3o do Poder P\u00fablico, destinada a impedir introdu\u00e7\u00e3o ou propaga\u00e7\u00e3o de doen\u00e7a contagiosa prevista no Artigo 268 do C\u00f3digo Penal. Destes, tr\u00eas conduzidos tiveram outras infra\u00e7\u00f5es imputadas, como: amea\u00e7a, resist\u00eancia e desacato.<\/p>\n<p><img decoding=\"async\" class=\"aligncenter wp-image-25797 size-full\" src=\"https:\/\/www.portalalerta.com.br\/wp-content\/uploads\/2020\/06\/Coronafest-em-Ribeira-do-Pombal-2020.1.jpg\" alt=\"\" width=\"720\" height=\"405\" srcset=\"https:\/\/www.portalalerta.com.br\/wp-content\/uploads\/2020\/06\/Coronafest-em-Ribeira-do-Pombal-2020.1.jpg 720w, https:\/\/www.portalalerta.com.br\/wp-content\/uploads\/2020\/06\/Coronafest-em-Ribeira-do-Pombal-2020.1-427x240.jpg 427w, https:\/\/www.portalalerta.com.br\/wp-content\/uploads\/2020\/06\/Coronafest-em-Ribeira-do-Pombal-2020.1-260x146.jpg 260w, https:\/\/www.portalalerta.com.br\/wp-content\/uploads\/2020\/06\/Coronafest-em-Ribeira-do-Pombal-2020.1-50x28.jpg 50w, https:\/\/www.portalalerta.com.br\/wp-content\/uploads\/2020\/06\/Coronafest-em-Ribeira-do-Pombal-2020.1-133x75.jpg 133w\" sizes=\"(max-width: 720px) 100vw, 720px\" \/><\/p>\n<p style=\"text-align: justify;\">O caso dever\u00e1 ser acompanhado pelo Minist\u00e9rio P\u00fablico.<\/p>\n<p style=\"text-align: justify;\"><em>Reda\u00e7\u00e3o: Portal Alerta<\/em><\/p>\n<p style=\"text-align: justify;\"><strong><em>#fiqueemcasa<\/em><\/strong><\/p>\n<p style=\"text-align: justify;\"><strong><em>#usemascaras<\/em><\/strong><\/p>\n","protected":false},"excerpt":{"rendered":"<p>No final da noite da \u00faltima sexta-feira, 19, policiais militares do 2\u00ba Pelot\u00e3o\/ Ribeira do Pombal-BA, receberam uma den\u00fancia de que um grupo de pessoas estava promovendo um evento festivo, numa propriedade rural, situada na Fazenda Curralinho, no referido munic\u00edpio.<\/p>\n","protected":false},"author":2,"featured_media":25798,"comment_status":"open","ping_status":"open","sticky":false,"template":"","format":"standard","meta":{"om_disable_all_campaigns":false,"_monsterinsights_skip_tracking":false,"_monsterinsights_sitenote_active":false,"_monsterinsights_sitenote_note":"","_monsterinsights_sitenote_category":0,"footnotes":""},"categories":[70,69,32,3,19,22],"tags":[59,3429,3486,975,344,79,3748,47,61],"class_list":["post-25796","post","type-post","status-publish","format-standard","has-post-thumbnail","hentry","category-destaques","category-noticias2","category-regiao","category-ribeira-do-pombal","category-saude","category-seguranca","tag-ameaca","tag-coronavirus","tag-covid-19","tag-desacato","tag-festa","tag-policia-militar","tag-resistencia","tag-ribeira-do-pombal","tag-saude"],"aioseo_notices":[],"_links":{"self":[{"href":"https:\/\/www.portalalerta.com.br\/index.php\/wp-json\/wp\/v2\/posts\/25796","targetHints":{"allow":["GET"]}}],"collection":[{"href":"https:\/\/www.portalalerta.com.br\/index.php\/wp-json\/wp\/v2\/posts"}],"about":[{"href":"https:\/\/www.portalalerta.com.br\/index.php\/wp-json\/wp\/v2\/types\/post"}],"author":[{"embeddable":true,"href":"https:\/\/www.portalalerta.com.br\/index.php\/wp-json\/wp\/v2\/users\/2"}],"replies":[{"embeddable":true,"href":"https:\/\/www.portalalerta.com.br\/index.php\/wp-json\/wp\/v2\/comments?post=25796"}],"version-history":[{"count":1,"href":"https:\/\/www.portalalerta.com.br\/index.php\/wp-json\/wp\/v2\/posts\/25796\/revisions"}],"predecessor-version":[{"id":25799,"href":"https:\/\/www.portalalerta.com.br\/index.php\/wp-json\/wp\/v2\/posts\/25796\/revisions\/25799"}],"wp:featuredmedia":[{"embeddable":true,"href":"https:\/\/www.portalalerta.com.br\/index.php\/wp-json\/wp\/v2\/media\/25798"}],"wp:attachment":[{"href":"https:\/\/www.portalalerta.com.br\/index.php\/wp-json\/wp\/v2\/media?parent=25796"}],"wp:term":[{"taxonomy":"category","embeddable":true,"href":"https:\/\/www.portalalerta.com.br\/index.php\/wp-json\/wp\/v2\/categories?post=25796"},{"taxonomy":"post_tag","embeddable":true,"href":"https:\/\/www.portalalerta.com.br\/index.php\/wp-json\/wp\/v2\/tags?post=25796"}],"curies":[{"name":"wp","href":"https:\/\/api.w.org\/{rel}","templated":true}]}}