{"id":25807,"date":"2020-06-22T14:37:17","date_gmt":"2020-06-22T17:37:17","guid":{"rendered":"https:\/\/www.portalalerta.com.br\/?p=25807"},"modified":"2020-06-22T14:37:17","modified_gmt":"2020-06-22T17:37:17","slug":"prisao-de-queiroz-flavio-bolsonaro-se-diz-inocente-e-acusa-pt","status":"publish","type":"post","link":"https:\/\/www.portalalerta.com.br\/index.php\/2020\/06\/22\/prisao-de-queiroz-flavio-bolsonaro-se-diz-inocente-e-acusa-pt\/","title":{"rendered":"Pris\u00e3o de Queiroz: Fl\u00e1vio Bolsonaro se diz inocente e acusa PT"},"content":{"rendered":"<p style=\"text-align: justify;\">O senador Fl\u00e1vio Bolsonaro (Republicanos-RJ) publicou no \u00faltimo s\u00e1bado (20) uma nota em que se diz inocente a respeito da\u00a0<strong><a href=\"https:\/\/www.portalalerta.com.br\/index.php\/2020\/06\/18\/fabricio-queiroz-ex-assessor-de-flavio-bolsonaro-e-preso-no-interior-de-sp\/\">pris\u00e3o de Fabr\u00edcio Queiroz<\/a><\/strong>, seu ex-assessor e motorista, e acusa o PT de difamar sua fam\u00edlia para voltar ao poder.<!--more--><\/p>\n<p style=\"text-align: justify;\">\u201cO senador Fl\u00e1vio Bolsonaro \u00e9 v\u00edtima de um grupo pol\u00edtico que tem patrocinado uma verdadeira campanha de difama\u00e7\u00e3o. Essas pessoas t\u00eam apenas um objetivo: recuperar o poder que perderam na \u00faltima elei\u00e7\u00e3o\u201d, publicou o senador no Twitter.<\/p>\n<p style=\"text-align: justify;\">\u201cApesar dos incessantes ataques \u00e0 sua imagem, Fl\u00e1vio Bolsonaro continua a acreditar na Justi\u00e7a. Ele reafirma inoc\u00eancia em qualquer das acusa\u00e7\u00f5es feitas por seus inimigos e garante que seu patrim\u00f4nio \u00e9 totalmente compat\u00edvel com os seus rendimentos. Tudo ficar\u00e1 inequivocamente comprovado dentro dos autos. A verdade prevalecer\u00e1!\u201d, concluiu a nota.<\/p>\n<p style=\"text-align: justify;\"><img fetchpriority=\"high\" decoding=\"async\" class=\"size-thumbnail wp-image-25012 aligncenter\" src=\"https:\/\/www.portalalerta.com.br\/wp-content\/uploads\/2020\/06\/real-acordo.1-720x92.jpg\" alt=\"\" width=\"720\" height=\"92\" \/>Queiroz \u00e9 suspeito de operar um esquema de \u201crachadinhas\u201d (recolhimento de parte do sal\u00e1rio de servidores) no gabinete do ent\u00e3o deputado estadual Fl\u00e1vio Bolsonaro.<\/p>\n<p style=\"text-align: justify;\">O procurador da Rep\u00fablica S\u00e9rgio Pinel afirmou ter encontrado \u201cfortes ind\u00edcios da pr\u00e1tica de crime de lavagem de dinheiro\u201d envolvendo Fl\u00e1vio Bolsonaro (Republicanos-RJ).<\/p>\n<p style=\"text-align: justify;\">A investiga\u00e7\u00e3o que apura se o filho do presidente Jair Bolsonaro (sem partido) cometeu crime de lavagem de dinheiro a partir de transa\u00e7\u00f5es imobili\u00e1rias foi aberta depois de uma representa\u00e7\u00e3o apresentada por um cidad\u00e3o ao MPF (Minist\u00e9rio P\u00fablico Federal).<\/p>\n<p style=\"text-align: justify;\">Para o procurador, \u201cas circunst\u00e2ncias em que as compras (im\u00f3veis) foram feitas sugerem que os registros do valor de compra foram subavaliados, com parte do valor sendo pago por fora, em t\u00edpico modus operandi de quem pretende ocultar a proveni\u00eancia il\u00edcita dos recursos e os converter em ativos l\u00edcitos com uma valoriza\u00e7\u00e3o irreal dos bens comprados\u201d.<\/p>\n<p style=\"text-align: justify;\">Desde 2018, o MP-RJ investiga o poss\u00edvel esquema de \u201crachadinha\u201d e diz ter encontrado ind\u00edcios de que o senador lavou mais de R$ 2 milh\u00f5es com a compra de im\u00f3veis e em sua loja de chocolates.<\/p>\n<p style=\"text-align: justify;\"><em>Fonte: Yahoo Not\u00edcias<\/em><\/p>\n","protected":false},"excerpt":{"rendered":"<p>O senador Fl\u00e1vio Bolsonaro (Republicanos-RJ) publicou no \u00faltimo s\u00e1bado (20) uma nota em que se diz inocente a respeito da\u00a0pris\u00e3o de Fabr\u00edcio Queiroz, seu ex-assessor e motorista, e acusa o PT de difamar sua fam\u00edlia para voltar ao poder.<\/p>\n","protected":false},"author":2,"featured_media":20865,"comment_status":"open","ping_status":"open","sticky":false,"template":"","format":"standard","meta":{"om_disable_all_campaigns":false,"_monsterinsights_skip_tracking":false,"_monsterinsights_sitenote_active":false,"_monsterinsights_sitenote_note":"","_monsterinsights_sitenote_category":0,"footnotes":""},"categories":[34,70,69,21],"tags":[93,2031,1976,199],"class_list":["post-25807","post","type-post","status-publish","format-standard","has-post-thumbnail","hentry","category-brasil","category-destaques","category-noticias2","category-politica","tag-brasil","tag-fabricio-queiroz","tag-flavio-bolsonaro","tag-politica"],"aioseo_notices":[],"_links":{"self":[{"href":"https:\/\/www.portalalerta.com.br\/index.php\/wp-json\/wp\/v2\/posts\/25807","targetHints":{"allow":["GET"]}}],"collection":[{"href":"https:\/\/www.portalalerta.com.br\/index.php\/wp-json\/wp\/v2\/posts"}],"about":[{"href":"https:\/\/www.portalalerta.com.br\/index.php\/wp-json\/wp\/v2\/types\/post"}],"author":[{"embeddable":true,"href":"https:\/\/www.portalalerta.com.br\/index.php\/wp-json\/wp\/v2\/users\/2"}],"replies":[{"embeddable":true,"href":"https:\/\/www.portalalerta.com.br\/index.php\/wp-json\/wp\/v2\/comments?post=25807"}],"version-history":[{"count":1,"href":"https:\/\/www.portalalerta.com.br\/index.php\/wp-json\/wp\/v2\/posts\/25807\/revisions"}],"predecessor-version":[{"id":25808,"href":"https:\/\/www.portalalerta.com.br\/index.php\/wp-json\/wp\/v2\/posts\/25807\/revisions\/25808"}],"wp:featuredmedia":[{"embeddable":true,"href":"https:\/\/www.portalalerta.com.br\/index.php\/wp-json\/wp\/v2\/media\/20865"}],"wp:attachment":[{"href":"https:\/\/www.portalalerta.com.br\/index.php\/wp-json\/wp\/v2\/media?parent=25807"}],"wp:term":[{"taxonomy":"category","embeddable":true,"href":"https:\/\/www.portalalerta.com.br\/index.php\/wp-json\/wp\/v2\/categories?post=25807"},{"taxonomy":"post_tag","embeddable":true,"href":"https:\/\/www.portalalerta.com.br\/index.php\/wp-json\/wp\/v2\/tags?post=25807"}],"curies":[{"name":"wp","href":"https:\/\/api.w.org\/{rel}","templated":true}]}}