{"id":25812,"date":"2020-06-22T14:52:38","date_gmt":"2020-06-22T17:52:38","guid":{"rendered":"https:\/\/www.portalalerta.com.br\/?p=25812"},"modified":"2020-06-22T14:52:38","modified_gmt":"2020-06-22T17:52:38","slug":"eleicoes-2020-adiamento-sera-votado-no-senado-nesta-terca-feira-23","status":"publish","type":"post","link":"https:\/\/www.portalalerta.com.br\/index.php\/2020\/06\/22\/eleicoes-2020-adiamento-sera-votado-no-senado-nesta-terca-feira-23\/","title":{"rendered":"Elei\u00e7\u00f5es 2020: Adiamento ser\u00e1 votado no Senado nesta ter\u00e7a-feira, 23"},"content":{"rendered":"<p style=\"text-align: justify;\">O presidente do Senado, Davi Alcolumbre (DEM-AP), anunciou nesta quinta-feira (18) que o plen\u00e1rio deve votar na pr\u00f3xima ter\u00e7a (23), em dois turnos, uma Proposta de Emenda \u00e0 Constitui\u00e7\u00e3o (PEC) sobre o adiamento das elei\u00e7\u00f5es municipais deste ano.<!--more--><\/p>\n<p style=\"text-align: justify;\">A discuss\u00e3o \u00e9 motivada pela\u00a0pandemia do coronav\u00edrus, que j\u00e1 tem atrasado processos de verifica\u00e7\u00e3o das urnas e tamb\u00e9m deve afetar as conven\u00e7\u00f5es partid\u00e1rias onde s\u00e3o decididos os candidatos.<\/p>\n<p style=\"text-align: justify;\">Pelo calend\u00e1rio eleitoral, o primeiro turno da elei\u00e7\u00e3o est\u00e1, atualmente, previsto para 4 de outubro, e o segundo turno, para 25 de outubro.<\/p>\n<p style=\"text-align: justify;\">Em entrevista \u00e0 TV Senado, Alcolumbre disse ser favor\u00e1vel a elei\u00e7\u00f5es no m\u00eas de novembro, com primeiro turno no dia 15. Nesse caso, o segundo turno, possivelmente, ocorreria no dia 29 de novembro.<\/p>\n<p style=\"text-align: justify;\">A Constitui\u00e7\u00e3o de 1988 prev\u00ea que, por regra, o primeiro turno sempre \u00e9 realizado no primeiro domingo de outubro, e o segundo turno, no \u00faltimo domingo do mesmo m\u00eas. Por isso, para mexer na data,\u00a0ser\u00e1 preciso fazer uma emenda \u00e0 Constitui\u00e7\u00e3o.<\/p>\n<p style=\"text-align: justify;\"><img fetchpriority=\"high\" decoding=\"async\" class=\"size-thumbnail wp-image-4869 aligncenter\" src=\"https:\/\/www.portalalerta.com.br\/wp-content\/uploads\/2018\/02\/Auto-Escola-Nobre-720x181.jpg\" alt=\"\" width=\"720\" height=\"181\" srcset=\"https:\/\/www.portalalerta.com.br\/wp-content\/uploads\/2018\/02\/Auto-Escola-Nobre.jpg 720w, https:\/\/www.portalalerta.com.br\/wp-content\/uploads\/2018\/02\/Auto-Escola-Nobre-260x65.jpg 260w, https:\/\/www.portalalerta.com.br\/wp-content\/uploads\/2018\/02\/Auto-Escola-Nobre-50x13.jpg 50w, https:\/\/www.portalalerta.com.br\/wp-content\/uploads\/2018\/02\/Auto-Escola-Nobre-150x38.jpg 150w\" sizes=\"(max-width: 720px) 100vw, 720px\" \/>\u201c\u00c9 preciso, sim, fazermos o adiamento das elei\u00e7\u00f5es. Para assegurarmos os prazos, para todos aqueles que pretendem disputar as elei\u00e7\u00f5es, e para garantirmos a sa\u00fade, a vida e a prote\u00e7\u00e3o dos 150 milh\u00f5es de eleitores que v\u00e3o escolher 5.570 prefeitos e milhares de vereadores no Brasil, a gente j\u00e1 est\u00e1 decidindo que, na ter\u00e7a-feira, pautaremos [a PEC] para vota\u00e7\u00e3o em primeiro e segundo turno. E vamos entregar, no m\u00e1ximo, na quarta-feira, para a C\u00e2mara\u201d, disse Alcolumbre.<\/p>\n<p style=\"text-align: justify;\">O parlamentar disse ainda ser contr\u00e1rio a um eventual adiamento do pleito para 2021 e, consequentemente, \u00e0 prorroga\u00e7\u00e3o dos mandatos de prefeitos e vereadores. Neste ponto, h\u00e1 consenso com o presidente da C\u00e2mara, Rodrigo Maia (DEM-RJ) e com o presidente do Tribunal Superior Eleitoral (TSE), Lu\u00eds Roberto Barroso.<\/p>\n<p style=\"text-align: justify;\"><em>Fonte: Banzae News<\/em><\/p>\n","protected":false},"excerpt":{"rendered":"<p>O presidente do Senado, Davi Alcolumbre (DEM-AP), anunciou nesta quinta-feira (18) que o plen\u00e1rio deve votar na pr\u00f3xima ter\u00e7a (23), em dois turnos, uma Proposta de Emenda \u00e0 Constitui\u00e7\u00e3o (PEC) sobre o adiamento das elei\u00e7\u00f5es municipais deste ano.<\/p>\n","protected":false},"author":2,"featured_media":21416,"comment_status":"open","ping_status":"open","sticky":false,"template":"","format":"standard","meta":{"om_disable_all_campaigns":false,"_monsterinsights_skip_tracking":false,"_monsterinsights_sitenote_active":false,"_monsterinsights_sitenote_note":"","_monsterinsights_sitenote_category":0,"footnotes":""},"categories":[34,70,69,21],"tags":[93,2176,3215,235],"class_list":["post-25812","post","type-post","status-publish","format-standard","has-post-thumbnail","hentry","category-brasil","category-destaques","category-noticias2","category-politica","tag-brasil","tag-davi-alcolumbre","tag-eleicoes-2020","tag-senado-federal"],"aioseo_notices":[],"_links":{"self":[{"href":"https:\/\/www.portalalerta.com.br\/index.php\/wp-json\/wp\/v2\/posts\/25812","targetHints":{"allow":["GET"]}}],"collection":[{"href":"https:\/\/www.portalalerta.com.br\/index.php\/wp-json\/wp\/v2\/posts"}],"about":[{"href":"https:\/\/www.portalalerta.com.br\/index.php\/wp-json\/wp\/v2\/types\/post"}],"author":[{"embeddable":true,"href":"https:\/\/www.portalalerta.com.br\/index.php\/wp-json\/wp\/v2\/users\/2"}],"replies":[{"embeddable":true,"href":"https:\/\/www.portalalerta.com.br\/index.php\/wp-json\/wp\/v2\/comments?post=25812"}],"version-history":[{"count":1,"href":"https:\/\/www.portalalerta.com.br\/index.php\/wp-json\/wp\/v2\/posts\/25812\/revisions"}],"predecessor-version":[{"id":25813,"href":"https:\/\/www.portalalerta.com.br\/index.php\/wp-json\/wp\/v2\/posts\/25812\/revisions\/25813"}],"wp:featuredmedia":[{"embeddable":true,"href":"https:\/\/www.portalalerta.com.br\/index.php\/wp-json\/wp\/v2\/media\/21416"}],"wp:attachment":[{"href":"https:\/\/www.portalalerta.com.br\/index.php\/wp-json\/wp\/v2\/media?parent=25812"}],"wp:term":[{"taxonomy":"category","embeddable":true,"href":"https:\/\/www.portalalerta.com.br\/index.php\/wp-json\/wp\/v2\/categories?post=25812"},{"taxonomy":"post_tag","embeddable":true,"href":"https:\/\/www.portalalerta.com.br\/index.php\/wp-json\/wp\/v2\/tags?post=25812"}],"curies":[{"name":"wp","href":"https:\/\/api.w.org\/{rel}","templated":true}]}}