{"id":25814,"date":"2020-06-22T15:10:24","date_gmt":"2020-06-22T18:10:24","guid":{"rendered":"https:\/\/www.portalalerta.com.br\/?p=25814"},"modified":"2020-06-22T15:37:03","modified_gmt":"2020-06-22T18:37:03","slug":"em-meio-a-pandemia-grupo-politico-realiza-carreata-em-cicero-dantas-ba","status":"publish","type":"post","link":"https:\/\/www.portalalerta.com.br\/index.php\/2020\/06\/22\/em-meio-a-pandemia-grupo-politico-realiza-carreata-em-cicero-dantas-ba\/","title":{"rendered":"Em meio \u00e0 Pandemia, grupo pol\u00edtico realiza carreata em C\u00edcero Dantas-BA"},"content":{"rendered":"<p style=\"text-align: justify;\">No s\u00e1bado, 20 de junho 2020, a Prefeitura de C\u00edcero Dantas divulgou seu boletim da COVID-19, no qual chamava aten\u00e7\u00e3o para o decimo quarto caso positivo para o v\u00edrus. Na nota oficial a prefeitura refor\u00e7a as orienta\u00e7\u00f5es \u00e0 sociedade que. e evitem aglomera\u00e7\u00f5es, seja em casa ou na rua, e que preferencialmente fiquem em casa. Recentemente Ricardo Almeida assinou um decreto com diversas determina\u00e7\u00f5es restritivas para a popula\u00e7\u00e3o e o com\u00e9rcio.<!--more--><\/p>\n<p style=\"text-align: justify;\"><img fetchpriority=\"high\" decoding=\"async\" class=\"size-thumbnail wp-image-25012 aligncenter\" src=\"https:\/\/www.portalalerta.com.br\/wp-content\/uploads\/2020\/06\/real-acordo.1-720x92.jpg\" alt=\"\" width=\"720\" height=\"92\" \/>Desvirtuando por completa das suas recomenda\u00e7\u00f5es, os &#8220;gavi\u00f5es\u201d, grupo pol\u00edtico do Prefeito Ricardo Almeida, para comemorar a ades\u00e3o do vereador Jackson Almeida a seu grupo, ocupando a candidatura de vice-prefeito, promoveu na sexta-feira, 19 de junho 2020, uma grande carreata palas ruas da cidade com diversos carros, motos, buzina\u00e7o e fogos, com a participa\u00e7\u00e3o de muitas pessoas, indo de encontro das recomenda\u00e7\u00f5es da Organiza\u00e7\u00e3o Mundial da Sa\u00fade, que prega o isolamento como a melhor forma de evitar a propaga\u00e7\u00e3o do COVID-19. <strong>Confira o v\u00eddeo:\u00a0<\/strong><\/p>\n<p><iframe title=\"Em meio \u00e0 pandemia, grupo pol\u00edtico realiza carreata em C\u00edcero Dantas-BA\" width=\"500\" height=\"281\" src=\"https:\/\/www.youtube.com\/embed\/Nu_cSi-hM7E?feature=oembed\" frameborder=\"0\" allow=\"accelerometer; autoplay; clipboard-write; encrypted-media; gyroscope; picture-in-picture; web-share\" referrerpolicy=\"strict-origin-when-cross-origin\" allowfullscreen><\/iframe><\/p>\n<p style=\"text-align: justify;\">As cr\u00edticas nas redes sociais proliferam repercutindo de forma negativa.<\/p>\n<p style=\"text-align: justify;\"><a href=\"https:\/\/www.portalalerta.com.br\/index.php\/2020\/05\/25\/saiba-como-esta-a-evolucao-do-covid-19-em-cicero-dantas-ba\/\"><strong>Clique aqui e saiba como est\u00e1 a evolu\u00e7\u00e3o do Covid-19 em C\u00edcero Dantas-BA<\/strong><\/a><\/p>\n<p style=\"text-align: justify;\"><em>Fonte: Joilson Costa<\/em><\/p>\n","protected":false},"excerpt":{"rendered":"<p>No s\u00e1bado, 20 de junho 2020, a Prefeitura de C\u00edcero Dantas divulgou seu boletim da COVID-19, no qual chamava aten\u00e7\u00e3o para o decimo quarto caso positivo para o v\u00edrus. Na nota oficial a prefeitura refor\u00e7a as orienta\u00e7\u00f5es \u00e0 sociedade que. e evitem aglomera\u00e7\u00f5es, seja em casa ou na rua, e que preferencialmente fiquem em casa. &hellip;<\/p>\n","protected":false},"author":2,"featured_media":25815,"comment_status":"open","ping_status":"open","sticky":false,"template":"","format":"standard","meta":{"om_disable_all_campaigns":false,"_monsterinsights_skip_tracking":false,"_monsterinsights_sitenote_active":false,"_monsterinsights_sitenote_note":"","_monsterinsights_sitenote_category":0,"footnotes":""},"categories":[4,70,69,21,32,19,68],"tags":[3521,75,3429,3486,199,61],"class_list":["post-25814","post","type-post","status-publish","format-standard","has-post-thumbnail","hentry","category-cicero-dantas","category-destaques","category-noticias2","category-politica","category-regiao","category-saude","category-videos","tag-carreata","tag-cicero-dantas","tag-coronavirus","tag-covid-19","tag-politica","tag-saude"],"aioseo_notices":[],"_links":{"self":[{"href":"https:\/\/www.portalalerta.com.br\/index.php\/wp-json\/wp\/v2\/posts\/25814","targetHints":{"allow":["GET"]}}],"collection":[{"href":"https:\/\/www.portalalerta.com.br\/index.php\/wp-json\/wp\/v2\/posts"}],"about":[{"href":"https:\/\/www.portalalerta.com.br\/index.php\/wp-json\/wp\/v2\/types\/post"}],"author":[{"embeddable":true,"href":"https:\/\/www.portalalerta.com.br\/index.php\/wp-json\/wp\/v2\/users\/2"}],"replies":[{"embeddable":true,"href":"https:\/\/www.portalalerta.com.br\/index.php\/wp-json\/wp\/v2\/comments?post=25814"}],"version-history":[{"count":3,"href":"https:\/\/www.portalalerta.com.br\/index.php\/wp-json\/wp\/v2\/posts\/25814\/revisions"}],"predecessor-version":[{"id":25818,"href":"https:\/\/www.portalalerta.com.br\/index.php\/wp-json\/wp\/v2\/posts\/25814\/revisions\/25818"}],"wp:featuredmedia":[{"embeddable":true,"href":"https:\/\/www.portalalerta.com.br\/index.php\/wp-json\/wp\/v2\/media\/25815"}],"wp:attachment":[{"href":"https:\/\/www.portalalerta.com.br\/index.php\/wp-json\/wp\/v2\/media?parent=25814"}],"wp:term":[{"taxonomy":"category","embeddable":true,"href":"https:\/\/www.portalalerta.com.br\/index.php\/wp-json\/wp\/v2\/categories?post=25814"},{"taxonomy":"post_tag","embeddable":true,"href":"https:\/\/www.portalalerta.com.br\/index.php\/wp-json\/wp\/v2\/tags?post=25814"}],"curies":[{"name":"wp","href":"https:\/\/api.w.org\/{rel}","templated":true}]}}