{"id":25819,"date":"2020-06-22T16:03:58","date_gmt":"2020-06-22T19:03:58","guid":{"rendered":"https:\/\/www.portalalerta.com.br\/?p=25819"},"modified":"2020-09-06T19:04:24","modified_gmt":"2020-09-06T22:04:24","slug":"saiba-como-esta-a-evolucao-do-covid-19-em-heliopolis-ba","status":"publish","type":"post","link":"https:\/\/www.portalalerta.com.br\/index.php\/2020\/06\/22\/saiba-como-esta-a-evolucao-do-covid-19-em-heliopolis-ba\/","title":{"rendered":"Saiba como est\u00e1 a evolu\u00e7\u00e3o do Covid-19 em Heli\u00f3polis-BA"},"content":{"rendered":"<p style=\"text-align: justify;\">O munic\u00edpio de Heli\u00f3polis-BA, registrou o primeiro caso de Covid-19 (Coronav\u00edrus), no dia 20 de junho de 2020. A confirma\u00e7\u00e3o foi anunciada pelo prefeito da cidade,\u00a0<strong><a href=\"https:\/\/www.portalalerta.com.br\/index.php\/2020\/06\/21\/heliopolis-ba-registra-o-primeiro-caso-de-covid-19\/\">Ildefonso Andrade Fonseca (Ildinho)<\/a>, <\/strong>que identificou o paciente com um rapaz de 23 anos de idade, que segundo informa\u00e7\u00f5es trabalha no munic\u00edpio de Po\u00e7o Verde-SE, onde foi infectado pela doen\u00e7a.<!--more--><\/p>\n<p>As 3\u00aa e 6\u00aa e 7\u00aa semanas foram consideradas os piores per\u00edodos desde o in\u00edcio da pandemia, com 06 novos casos\/cada. Heli\u00f3polis-BA zerou o n\u00famero de casos ativos no dia 1\u00ba de setembro.<\/p>\n<p style=\"text-align: justify;\"><strong>Confira o gr\u00e1fico:<\/strong><\/p>\n<figure id=\"attachment_29214\" aria-describedby=\"caption-attachment-29214\" style=\"width: 540px\" class=\"wp-caption aligncenter\"><img fetchpriority=\"high\" decoding=\"async\" class=\"wp-image-29214 size-full\" src=\"https:\/\/www.portalalerta.com.br\/wp-content\/uploads\/2020\/05\/gr\u00e1fico-covid19-em-Heli\u00f3polis-2020.12.jpg\" alt=\"\" width=\"540\" height=\"430\" srcset=\"https:\/\/www.portalalerta.com.br\/wp-content\/uploads\/2020\/05\/gr\u00e1fico-covid19-em-Heli\u00f3polis-2020.12.jpg 540w, https:\/\/www.portalalerta.com.br\/wp-content\/uploads\/2020\/05\/gr\u00e1fico-covid19-em-Heli\u00f3polis-2020.12-301x240.jpg 301w, https:\/\/www.portalalerta.com.br\/wp-content\/uploads\/2020\/05\/gr\u00e1fico-covid19-em-Heli\u00f3polis-2020.12-183x146.jpg 183w, https:\/\/www.portalalerta.com.br\/wp-content\/uploads\/2020\/05\/gr\u00e1fico-covid19-em-Heli\u00f3polis-2020.12-50x40.jpg 50w, https:\/\/www.portalalerta.com.br\/wp-content\/uploads\/2020\/05\/gr\u00e1fico-covid19-em-Heli\u00f3polis-2020.12-94x75.jpg 94w\" sizes=\"(max-width: 540px) 100vw, 540px\" \/><figcaption id=\"caption-attachment-29214\" class=\"wp-caption-text\">At\u00e9 o momento o munic\u00edpio registrou 38 casos<\/figcaption><\/figure>\n<p>&nbsp;<\/p>\n<figure id=\"attachment_29215\" aria-describedby=\"caption-attachment-29215\" style=\"width: 540px\" class=\"wp-caption aligncenter\"><img decoding=\"async\" class=\"wp-image-29215 size-full\" src=\"https:\/\/www.portalalerta.com.br\/wp-content\/uploads\/2020\/05\/gr\u00e1fico-covid19-em-Heli\u00f3polis-2020.13.jpg\" alt=\"\" width=\"540\" height=\"430\" srcset=\"https:\/\/www.portalalerta.com.br\/wp-content\/uploads\/2020\/05\/gr\u00e1fico-covid19-em-Heli\u00f3polis-2020.13.jpg 540w, https:\/\/www.portalalerta.com.br\/wp-content\/uploads\/2020\/05\/gr\u00e1fico-covid19-em-Heli\u00f3polis-2020.13-301x240.jpg 301w, https:\/\/www.portalalerta.com.br\/wp-content\/uploads\/2020\/05\/gr\u00e1fico-covid19-em-Heli\u00f3polis-2020.13-183x146.jpg 183w, https:\/\/www.portalalerta.com.br\/wp-content\/uploads\/2020\/05\/gr\u00e1fico-covid19-em-Heli\u00f3polis-2020.13-50x40.jpg 50w, https:\/\/www.portalalerta.com.br\/wp-content\/uploads\/2020\/05\/gr\u00e1fico-covid19-em-Heli\u00f3polis-2020.13-94x75.jpg 94w\" sizes=\"(max-width: 540px) 100vw, 540px\" \/><figcaption id=\"caption-attachment-29215\" class=\"wp-caption-text\">38 pacientes j\u00e1 foram curados<\/figcaption><\/figure>\n<p style=\"text-align: justify;\"><strong>Quadro Epidemiol\u00f3gico de Adustina:<\/strong><\/p>\n<p style=\"text-align: justify;\"><strong>Infectados:<\/strong>\u00a038<\/p>\n<p style=\"text-align: justify;\"><strong>Em tratamento:<\/strong>\u00a000<\/p>\n<p style=\"text-align: justify;\"><strong>Curados:<\/strong>\u00a038<\/p>\n<p style=\"text-align: justify;\"><strong>\u00d3bitos:<\/strong>\u00a000<\/p>\n<p style=\"text-align: justify;\"><em>Reda\u00e7\u00e3o: Portal Alerta<\/em><\/p>\n<p style=\"text-align: justify;\"><strong><em>#fiqueemcasa<\/em><\/strong><\/p>\n<p style=\"text-align: justify;\"><strong><em>#usemascaras<\/em><\/strong><\/p>\n","protected":false},"excerpt":{"rendered":"<p>O munic\u00edpio de Heli\u00f3polis-BA, registrou o primeiro caso de Covid-19 (Coronav\u00edrus), no dia 20 de junho de 2020. A confirma\u00e7\u00e3o foi anunciada pelo prefeito da cidade,\u00a0Ildefonso Andrade Fonseca (Ildinho), que identificou o paciente com um rapaz de 23 anos de idade, que segundo informa\u00e7\u00f5es trabalha no munic\u00edpio de Po\u00e7o Verde-SE, onde foi infectado pela doen\u00e7a.<\/p>\n","protected":false},"author":2,"featured_media":13512,"comment_status":"open","ping_status":"open","sticky":false,"template":"","format":"standard","meta":{"om_disable_all_campaigns":false,"_monsterinsights_skip_tracking":false,"_monsterinsights_sitenote_active":false,"_monsterinsights_sitenote_note":"","_monsterinsights_sitenote_category":0,"footnotes":""},"categories":[6,69,32,19],"tags":[3429,3486,44,61],"class_list":["post-25819","post","type-post","status-publish","format-standard","has-post-thumbnail","hentry","category-heliopolis","category-noticias2","category-regiao","category-saude","tag-coronavirus","tag-covid-19","tag-heliopolis","tag-saude"],"aioseo_notices":[],"_links":{"self":[{"href":"https:\/\/www.portalalerta.com.br\/index.php\/wp-json\/wp\/v2\/posts\/25819","targetHints":{"allow":["GET"]}}],"collection":[{"href":"https:\/\/www.portalalerta.com.br\/index.php\/wp-json\/wp\/v2\/posts"}],"about":[{"href":"https:\/\/www.portalalerta.com.br\/index.php\/wp-json\/wp\/v2\/types\/post"}],"author":[{"embeddable":true,"href":"https:\/\/www.portalalerta.com.br\/index.php\/wp-json\/wp\/v2\/users\/2"}],"replies":[{"embeddable":true,"href":"https:\/\/www.portalalerta.com.br\/index.php\/wp-json\/wp\/v2\/comments?post=25819"}],"version-history":[{"count":23,"href":"https:\/\/www.portalalerta.com.br\/index.php\/wp-json\/wp\/v2\/posts\/25819\/revisions"}],"predecessor-version":[{"id":29226,"href":"https:\/\/www.portalalerta.com.br\/index.php\/wp-json\/wp\/v2\/posts\/25819\/revisions\/29226"}],"wp:featuredmedia":[{"embeddable":true,"href":"https:\/\/www.portalalerta.com.br\/index.php\/wp-json\/wp\/v2\/media\/13512"}],"wp:attachment":[{"href":"https:\/\/www.portalalerta.com.br\/index.php\/wp-json\/wp\/v2\/media?parent=25819"}],"wp:term":[{"taxonomy":"category","embeddable":true,"href":"https:\/\/www.portalalerta.com.br\/index.php\/wp-json\/wp\/v2\/categories?post=25819"},{"taxonomy":"post_tag","embeddable":true,"href":"https:\/\/www.portalalerta.com.br\/index.php\/wp-json\/wp\/v2\/tags?post=25819"}],"curies":[{"name":"wp","href":"https:\/\/api.w.org\/{rel}","templated":true}]}}