{"id":25823,"date":"2020-06-22T16:45:34","date_gmt":"2020-06-22T19:45:34","guid":{"rendered":"https:\/\/www.portalalerta.com.br\/?p=25823"},"modified":"2020-06-22T16:45:34","modified_gmt":"2020-06-22T19:45:34","slug":"acusados-de-fake-news-pedem-que-bolsonaro-autorize-pf-a-descumprir-inquerito","status":"publish","type":"post","link":"https:\/\/www.portalalerta.com.br\/index.php\/2020\/06\/22\/acusados-de-fake-news-pedem-que-bolsonaro-autorize-pf-a-descumprir-inquerito\/","title":{"rendered":"Acusados de fake news pedem que Bolsonaro autorize PF a descumprir inqu\u00e9rito"},"content":{"rendered":"<p style=\"text-align: justify;\">Jornalistas e ativistas digitais que apoiam o\u00a0presidente Jair Bolsonaro\u00a0querem que ele autorize agentes p\u00fablicos, sobretudo a Pol\u00edcia Federal, a descumprir medidas determinadas pelo Supremo Tribunal Federal relativas ao inqu\u00e9rito das fake news.<!--more--><\/p>\n<p style=\"text-align: justify;\">Um grupo de influentes bolsonaristas, incluindo alguns algos alvos deste inqu\u00e9rito, divulgou neste domingo (21) um manifesto da imprensa independente em favor da democracia.<\/p>\n<p style=\"text-align: justify;\">Ap\u00f3s chamarem o inqu\u00e9rito do STF de a pe\u00e7a mais macabra e totalit\u00e1ria j\u00e1 produzida na hist\u00f3ria do Poder Judici\u00e1rio nacional, eles lan\u00e7am um apelo ao presidente.<\/p>\n<p style=\"text-align: justify;\"><img fetchpriority=\"high\" decoding=\"async\" class=\"size-thumbnail wp-image-9394 alignleft\" src=\"https:\/\/www.portalalerta.com.br\/wp-content\/uploads\/2018\/07\/05elab-320x240.jpg\" alt=\"\" width=\"320\" height=\"240\" srcset=\"https:\/\/www.portalalerta.com.br\/wp-content\/uploads\/2018\/07\/05elab-320x240.jpg 320w, https:\/\/www.portalalerta.com.br\/wp-content\/uploads\/2018\/07\/05elab-195x146.jpg 195w, https:\/\/www.portalalerta.com.br\/wp-content\/uploads\/2018\/07\/05elab-50x38.jpg 50w, https:\/\/www.portalalerta.com.br\/wp-content\/uploads\/2018\/07\/05elab-100x75.jpg 100w, https:\/\/www.portalalerta.com.br\/wp-content\/uploads\/2018\/07\/05elab.jpg 400w\" sizes=\"(max-width: 320px) 100vw, 320px\" \/>Fazemos um apelo ao chefe do Executivo e autoridade m\u00e1xima da na\u00e7\u00e3o, Jair Messias Bolsonaro: que, por meio de um decreto presidencial, determine a todos os agentes p\u00fablicos federais que se abstenham de realizar quaisquer dilig\u00eancias provenientes do Inqu\u00e9rito 4.781 [o das fake news], evitando assim novas afrontas \u00e0 Constitui\u00e7\u00e3o Federal e aos direitos fundamentais dos cidad\u00e3os brasileiros. Pedimos que tal inqu\u00e9rito seja declarado ileg\u00edtimo e ilegal, por afrontar os princ\u00edpios b\u00e1sicos da democracia, diz o manifesto.<\/p>\n<p style=\"text-align: justify;\">Assinam 24 pessoas, entre editores e colunistas de alguns dos principais ve\u00edculos de apoio ao presidente, como Brasil Sem Medo, Estudos Nacionais, Senso Incomum, Cr\u00edtica Nacional e Jornal da Cidade Online.<\/p>\n<p style=\"text-align: justify;\">Todos t\u00eam em comum a defesa ferrenha de Bolsonaro, o alinhamento ao guru Olavo de Carvalho e a pr\u00e1tica de distorcer informa\u00e7\u00f5es e atacar advers\u00e1rios de forma virulenta. Chama a aten\u00e7\u00e3o a aus\u00eancia de representantes do Ter\u00e7a Livre, um dos expoentes da tropa de choque do presidente.<\/p>\n<p style=\"text-align: justify;\">O texto \u00e9 uma resposta \u00e0 onda de manifestos de opositores do presidente que pipocaram nas \u00faltimas semanas, como Basta!, Somos 70% e Estamos Juntos.<\/p>\n<p style=\"text-align: justify;\">Os bolsonaristas acreditam que um decreto presidencial ser\u00e1 suficiente para isentar agentes da Pol\u00edcia Federal, por exemplo, de executar dilig\u00eancias do inqu\u00e9rito, como a\u00e7\u00f5es de busca e apreens\u00e3o.<\/p>\n<p style=\"text-align: justify;\">Na verdade, nenhum decreto do Executivo tem o poder de suplantar uma decis\u00e3o judicial, cujo n\u00e3o cumprimento pode ser considerado crime de responsabilidade.<\/p>\n<p style=\"text-align: justify;\">Com esse decreto, os agentes p\u00fablicos federais cuja maioria absoluta \u00e9 composta por patriotas n\u00e3o ser\u00e3o obrigados a sujar as m\u00e3os executando atos que agridem a democracia e a dignidade da na\u00e7\u00e3o brasileira. Ordens in\u00edquas n\u00e3o devem ser cumpridas, e sim denunciadas. Que esse seja o primeiro passo para enterrar de uma vez por todas esse inqu\u00e9rito totalit\u00e1rio e, em seguida, punir exemplarmente os respons\u00e1veis por sua exist\u00eancia, afirma o manifesto.<\/p>\n<p style=\"text-align: justify;\">Sutilmente, os signat\u00e1rios do texto cobram do presidente a fatura pelo apoio que t\u00eam lhe dado desde o in\u00edcio do governo. Embora se rotulem como independentes, s\u00e3o na verdade defensores incondicionais de Bolsonaro.<\/p>\n<p style=\"text-align: justify;\">Desde o in\u00edcio do mandato de Jair Messias Bolsonaro, a m\u00eddia independente foi uma das \u00fanicas institui\u00e7\u00f5es que teve a coragem de refletir os anseios do povo perante os desmandos do sistema pol\u00edtico\u0094, diz o texto.<\/p>\n<p style=\"text-align: justify;\">O grupo equipara o STF a \u00f3rg\u00e3os que se notabilizaram pela persegui\u00e7\u00e3o pol\u00edtica em regimes ditatoriais comunistas ao longo da hist\u00f3ria. Desejam os atuais ocupantes do STF conspurcar a hist\u00f3ria da institui\u00e7\u00e3o, colocando-a no mesmo rol de KGB, Gestapo, Stasi, Securitate, StB, KDS, Kempeitai, MSE, Ovra, G2?.<\/p>\n<p style=\"text-align: justify;\">O inqu\u00e9rito, aberto pelo STF no ano passado, vem gerando pol\u00eamica desde seu in\u00edcio. Foi instaurado de of\u00edcio, ou seja, por iniciativa da pr\u00f3pria corte, para investigar ataques \u00e0 institui\u00e7\u00e3o promovidos sobretudo em redes sociais. O relator, Alexandre de Moraes, n\u00e3o foi designado por sorteio, mas indicado pelo presidente Dias Toffoli.<\/p>\n<p style=\"text-align: justify;\">Uma das cr\u00edticas est\u00e1 no fato de o STF ao mesmo tempo comandar a investiga\u00e7\u00e3o e posteriormente fazer o julgamento. Al\u00e9m disso, diversas a\u00e7\u00f5es da PF, agindo a mando do tribunal, foram direcionadas a pessoas que expressavam opini\u00f5es, o que levanta acusa\u00e7\u00f5es de cerceamento da liberdade de express\u00e3o.<\/p>\n<p style=\"text-align: justify;\">Na semana passada, o plen\u00e1rio do Supremo respaldou a investiga\u00e7\u00e3o. Moraes disse que liberdade de express\u00e3o n\u00e3o pode ser confundida com liberdade de agress\u00e3o\u0094.<\/p>\n<p style=\"text-align: justify;\">Para os bolsonaristas, nada disso \u00e9 convincente, e a simples express\u00e3o fake news \u00e9 uma express\u00e3o-valise, dentro da qual se pode colocar qualquer ato desagrad\u00e1vel aos chefes da persegui\u00e7\u00e3o\u0094.<\/p>\n<p style=\"text-align: justify;\">J\u00e1 temos a censura, os presos pol\u00edticos, a invas\u00e3o da privacidade, a criminaliza\u00e7\u00e3o de opini\u00e3o, o assassinato de reputa\u00e7\u00f5es o que mais falta para o medo ser a \u00fanica linguagem comum do pa\u00eds?\u0094, dizem eles, que citam, entre os perseguidos, a militante de extrema direita Sara Winter, presa na semana passada por outro inqu\u00e9rito, sobre atos antidemocr\u00e1ticos.<\/p>\n<p style=\"text-align: justify;\">Hoje a pol\u00edcia do STF encarcerou Sara Winter; amanh\u00e3, vai fazer o mesmo com nossos pais, nossos irm\u00e3os, nossos filhos sendo necess\u00e1rio para isso apenas um coment\u00e1rio cr\u00edtico em rede social.<\/p>\n<p style=\"text-align: justify;\">Embora reclamem de risco de uma ditadura do Judici\u00e1rio, os signat\u00e1rios do texto s\u00e3o seletivos na sua defesa da liberdade. Em geral, costumam louvar o golpe de 1964 e jamais reclamaram de refer\u00eancias elogiosas feitas pelo entorno de Bolsonaro ao Ato Institucional 5, que endureceu a ditadura, ou \u00e0 tortura praticada no regime.<\/p>\n<p style=\"text-align: justify;\"><em>Fonte: Yahoo Noticias<\/em><\/p>\n","protected":false},"excerpt":{"rendered":"<p>Jornalistas e ativistas digitais que apoiam o\u00a0presidente Jair Bolsonaro\u00a0querem que ele autorize agentes p\u00fablicos, sobretudo a Pol\u00edcia Federal, a descumprir medidas determinadas pelo Supremo Tribunal Federal relativas ao inqu\u00e9rito das fake news.<\/p>\n","protected":false},"author":2,"featured_media":22215,"comment_status":"open","ping_status":"open","sticky":false,"template":"","format":"standard","meta":{"om_disable_all_campaigns":false,"_monsterinsights_skip_tracking":false,"_monsterinsights_sitenote_active":false,"_monsterinsights_sitenote_note":"","_monsterinsights_sitenote_category":0,"footnotes":""},"categories":[34,70,69,21],"tags":[93,821,1395,199],"class_list":["post-25823","post","type-post","status-publish","format-standard","has-post-thumbnail","hentry","category-brasil","category-destaques","category-noticias2","category-politica","tag-brasil","tag-fakenews","tag-jair-bolsonaro","tag-politica"],"aioseo_notices":[],"_links":{"self":[{"href":"https:\/\/www.portalalerta.com.br\/index.php\/wp-json\/wp\/v2\/posts\/25823","targetHints":{"allow":["GET"]}}],"collection":[{"href":"https:\/\/www.portalalerta.com.br\/index.php\/wp-json\/wp\/v2\/posts"}],"about":[{"href":"https:\/\/www.portalalerta.com.br\/index.php\/wp-json\/wp\/v2\/types\/post"}],"author":[{"embeddable":true,"href":"https:\/\/www.portalalerta.com.br\/index.php\/wp-json\/wp\/v2\/users\/2"}],"replies":[{"embeddable":true,"href":"https:\/\/www.portalalerta.com.br\/index.php\/wp-json\/wp\/v2\/comments?post=25823"}],"version-history":[{"count":1,"href":"https:\/\/www.portalalerta.com.br\/index.php\/wp-json\/wp\/v2\/posts\/25823\/revisions"}],"predecessor-version":[{"id":25824,"href":"https:\/\/www.portalalerta.com.br\/index.php\/wp-json\/wp\/v2\/posts\/25823\/revisions\/25824"}],"wp:featuredmedia":[{"embeddable":true,"href":"https:\/\/www.portalalerta.com.br\/index.php\/wp-json\/wp\/v2\/media\/22215"}],"wp:attachment":[{"href":"https:\/\/www.portalalerta.com.br\/index.php\/wp-json\/wp\/v2\/media?parent=25823"}],"wp:term":[{"taxonomy":"category","embeddable":true,"href":"https:\/\/www.portalalerta.com.br\/index.php\/wp-json\/wp\/v2\/categories?post=25823"},{"taxonomy":"post_tag","embeddable":true,"href":"https:\/\/www.portalalerta.com.br\/index.php\/wp-json\/wp\/v2\/tags?post=25823"}],"curies":[{"name":"wp","href":"https:\/\/api.w.org\/{rel}","templated":true}]}}