{"id":25827,"date":"2020-06-22T17:01:10","date_gmt":"2020-06-22T20:01:10","guid":{"rendered":"https:\/\/www.portalalerta.com.br\/?p=25827"},"modified":"2020-06-22T17:01:10","modified_gmt":"2020-06-22T20:01:10","slug":"operacao-da-pf-cumpre-quatro-mandados-na-bahia-e-em-pernambuco","status":"publish","type":"post","link":"https:\/\/www.portalalerta.com.br\/index.php\/2020\/06\/22\/operacao-da-pf-cumpre-quatro-mandados-na-bahia-e-em-pernambuco\/","title":{"rendered":"Opera\u00e7\u00e3o da PF cumpre quatro mandados na Bahia e em Pernambuco"},"content":{"rendered":"<p style=\"text-align: justify;\">Uma opera\u00e7\u00e3o da Pol\u00edcia Federal (PF) deflagrada na manh\u00e3 de hoje (22) cumpre quatro mandados de busca e apreens\u00e3o em Barreiras e Lu\u00eds Eduardo Magalh\u00e3es, no oeste da Bahia, e na capital de Pernambuco, Recife. Segundo a PF, a a\u00e7\u00e3o busca dar continuidade \u00e0s investiga\u00e7\u00f5es que levaram \u00e0 apreens\u00e3o de mais de 2 toneladas de coca\u00edna escondida em carga de soja no porto de Ilh\u00e9us, no sul da Bahia, entre 19 e 20 de junho.<!--more--><\/p>\n<p style=\"text-align: justify;\"><img fetchpriority=\"high\" decoding=\"async\" class=\"size-thumbnail wp-image-25012 aligncenter\" src=\"https:\/\/www.portalalerta.com.br\/wp-content\/uploads\/2020\/06\/real-acordo.1-720x92.jpg\" alt=\"\" width=\"720\" height=\"92\" \/>Os mandados s\u00e3o cumpridos em endere\u00e7os vinculados \u00e0 empresa exportadora. A sede da companhia fica em Recife, enquanto os locais em Barreiras e Lu\u00eds Eduardo Magalh\u00e3es foram onde a soja teria sido carregada.<\/p>\n<p style=\"text-align: justify;\">A opera\u00e7\u00e3o foi batizada de Ephestia, uma alus\u00e3o a uma praga muito comum na armazenagem de gr\u00e3os. Cerca de 30 policiais federais cumprem os mandados expedidos pela 13\u00aa Vara da Se\u00e7\u00e3o Judici\u00e1ria da Bahia.<\/p>\n<p style=\"text-align: justify;\"><em>Fonte: Metro1<\/em><\/p>\n","protected":false},"excerpt":{"rendered":"<p>Uma opera\u00e7\u00e3o da Pol\u00edcia Federal (PF) deflagrada na manh\u00e3 de hoje (22) cumpre quatro mandados de busca e apreens\u00e3o em Barreiras e Lu\u00eds Eduardo Magalh\u00e3es, no oeste da Bahia, e na capital de Pernambuco, Recife. Segundo a PF, a a\u00e7\u00e3o busca dar continuidade \u00e0s investiga\u00e7\u00f5es que levaram \u00e0 apreens\u00e3o de mais de 2 toneladas de &hellip;<\/p>\n","protected":false},"author":2,"featured_media":25828,"comment_status":"open","ping_status":"open","sticky":false,"template":"","format":"standard","meta":{"om_disable_all_campaigns":false,"_monsterinsights_skip_tracking":false,"_monsterinsights_sitenote_active":false,"_monsterinsights_sitenote_note":"","_monsterinsights_sitenote_category":0,"footnotes":""},"categories":[33,34,70,69,22],"tags":[54,455,173,76],"class_list":["post-25827","post","type-post","status-publish","format-standard","has-post-thumbnail","hentry","category-bahia","category-brasil","category-destaques","category-noticias2","category-seguranca","tag-bahia","tag-pernambuco","tag-policia-federal","tag-trafico-de-drogas"],"aioseo_notices":[],"_links":{"self":[{"href":"https:\/\/www.portalalerta.com.br\/index.php\/wp-json\/wp\/v2\/posts\/25827","targetHints":{"allow":["GET"]}}],"collection":[{"href":"https:\/\/www.portalalerta.com.br\/index.php\/wp-json\/wp\/v2\/posts"}],"about":[{"href":"https:\/\/www.portalalerta.com.br\/index.php\/wp-json\/wp\/v2\/types\/post"}],"author":[{"embeddable":true,"href":"https:\/\/www.portalalerta.com.br\/index.php\/wp-json\/wp\/v2\/users\/2"}],"replies":[{"embeddable":true,"href":"https:\/\/www.portalalerta.com.br\/index.php\/wp-json\/wp\/v2\/comments?post=25827"}],"version-history":[{"count":1,"href":"https:\/\/www.portalalerta.com.br\/index.php\/wp-json\/wp\/v2\/posts\/25827\/revisions"}],"predecessor-version":[{"id":25829,"href":"https:\/\/www.portalalerta.com.br\/index.php\/wp-json\/wp\/v2\/posts\/25827\/revisions\/25829"}],"wp:featuredmedia":[{"embeddable":true,"href":"https:\/\/www.portalalerta.com.br\/index.php\/wp-json\/wp\/v2\/media\/25828"}],"wp:attachment":[{"href":"https:\/\/www.portalalerta.com.br\/index.php\/wp-json\/wp\/v2\/media?parent=25827"}],"wp:term":[{"taxonomy":"category","embeddable":true,"href":"https:\/\/www.portalalerta.com.br\/index.php\/wp-json\/wp\/v2\/categories?post=25827"},{"taxonomy":"post_tag","embeddable":true,"href":"https:\/\/www.portalalerta.com.br\/index.php\/wp-json\/wp\/v2\/tags?post=25827"}],"curies":[{"name":"wp","href":"https:\/\/api.w.org\/{rel}","templated":true}]}}