{"id":25834,"date":"2020-06-22T19:56:21","date_gmt":"2020-06-22T22:56:21","guid":{"rendered":"https:\/\/www.portalalerta.com.br\/?p=25834"},"modified":"2020-06-22T19:56:21","modified_gmt":"2020-06-22T22:56:21","slug":"com-mais-14-casos-confirmados-ribeira-do-pombal-ba-chega-ao-numero-de-73-infectados-por-covid-19","status":"publish","type":"post","link":"https:\/\/www.portalalerta.com.br\/index.php\/2020\/06\/22\/com-mais-14-casos-confirmados-ribeira-do-pombal-ba-chega-ao-numero-de-73-infectados-por-covid-19\/","title":{"rendered":"Com mais 14 casos confirmados, Ribeira do Pombal-BA chega ao n\u00famero de 73 infectados por Covid-19"},"content":{"rendered":"<p style=\"text-align: justify;\">A Secretaria Municipal de Sa\u00fade de Ribeira do Pombal-BA anunciou nesta segunda-feira, 22, mais 14 casos confirmados de Covid-19 (Coronav\u00edrus). Desta forma, ainda no segundo dia da semana, o munic\u00edpio j\u00e1 registra o pior per\u00edodo desde o in\u00edcio da pandemia, com 22 novas infec\u00e7\u00f5es.<!--more--><\/p>\n<p style=\"text-align: justify;\">De acordo com a nota da Secretaria, todos os casos se referem a pessoas contactantes de outros infectados, sendo que quatro deles s\u00e3o idosos e portadores de doen\u00e7as pr\u00e9-existentes. Das 14 pessoas, 10 realizaram exames RT-PCR, e 04 testes r\u00e1pidos.<\/p>\n<p style=\"text-align: justify;\"><img fetchpriority=\"high\" decoding=\"async\" class=\"size-thumbnail wp-image-4869 aligncenter\" src=\"https:\/\/www.portalalerta.com.br\/wp-content\/uploads\/2018\/02\/Auto-Escola-Nobre-720x181.jpg\" alt=\"\" width=\"720\" height=\"181\" srcset=\"https:\/\/www.portalalerta.com.br\/wp-content\/uploads\/2018\/02\/Auto-Escola-Nobre.jpg 720w, https:\/\/www.portalalerta.com.br\/wp-content\/uploads\/2018\/02\/Auto-Escola-Nobre-260x65.jpg 260w, https:\/\/www.portalalerta.com.br\/wp-content\/uploads\/2018\/02\/Auto-Escola-Nobre-50x13.jpg 50w, https:\/\/www.portalalerta.com.br\/wp-content\/uploads\/2018\/02\/Auto-Escola-Nobre-150x38.jpg 150w\" sizes=\"(max-width: 720px) 100vw, 720px\" \/><strong>*Desta forma, o munic\u00edpio chega a um total de 73 infectados, com um \u00f3bito (2%), e 28 curados (38%). J\u00e1 o n\u00famero de casos ativos subiu para 44 (60%).<\/strong><\/p>\n<p style=\"text-align: justify;\">Al\u00e9m disso, o munic\u00edpio divulgou o n\u00famero de infectados por regi\u00e3o: Centro (08), zona oeste (05), Bairro Pescador (06), Bairro Vila Brasil (04), Bairro Pedro Tiburcio (02), Bairro Agr\u00edcola (06), Bairro Pombalzinho (01), Distrito Vila Rodrigues (09), Fazenda Manteiga (02), Fazenda Umbuzeiro (01)<\/p>\n<p style=\"text-align: justify;\"><a href=\"https:\/\/www.portalalerta.com.br\/index.php\/2020\/05\/26\/saiba-como-esta-a-evolucao-do-covid-19-em-ribeira-do-pombal-ba\/\"><strong style=\"font-style: inherit;\">Clique aqui e saiba como est\u00e1 a evolu\u00e7\u00e3o do Covid-19 em Ribeira do Pombal-BA<\/strong><\/a><\/p>\n<p style=\"text-align: justify;\"><em style=\"font-weight: inherit;\">Reda\u00e7\u00e3o: Portal Alerta<\/em><\/p>\n<p style=\"text-align: justify;\"><strong style=\"font-style: inherit;\"><em>#fiqueemcasa\u00a0\u00a0\u00a0\u00a0<\/em><\/strong><\/p>\n<p style=\"text-align: justify;\"><strong style=\"font-style: inherit;\"><em>#usemascaras<\/em><\/strong><\/p>\n<p><strong>* a somat\u00f3ria em porcentagem obteve o resultado de 99% devido ao arrendondamento.<\/strong><\/p>\n","protected":false},"excerpt":{"rendered":"<p>A Secretaria Municipal de Sa\u00fade de Ribeira do Pombal-BA anunciou nesta segunda-feira, 22, mais 14 casos confirmados de Covid-19 (Coronav\u00edrus). Desta forma, ainda no segundo dia da semana, o munic\u00edpio j\u00e1 registra o pior per\u00edodo desde o in\u00edcio da pandemia, com 22 novas infec\u00e7\u00f5es.<\/p>\n","protected":false},"author":2,"featured_media":24445,"comment_status":"open","ping_status":"open","sticky":false,"template":"","format":"standard","meta":{"om_disable_all_campaigns":false,"_monsterinsights_skip_tracking":false,"_monsterinsights_sitenote_active":false,"_monsterinsights_sitenote_note":"","_monsterinsights_sitenote_category":0,"footnotes":""},"categories":[70,69,32,3,19],"tags":[3429,3486,3724,47,61],"class_list":["post-25834","post","type-post","status-publish","format-standard","has-post-thumbnail","hentry","category-destaques","category-noticias2","category-regiao","category-ribeira-do-pombal","category-saude","tag-coronavirus","tag-covid-19","tag-infeccao","tag-ribeira-do-pombal","tag-saude"],"aioseo_notices":[],"_links":{"self":[{"href":"https:\/\/www.portalalerta.com.br\/index.php\/wp-json\/wp\/v2\/posts\/25834","targetHints":{"allow":["GET"]}}],"collection":[{"href":"https:\/\/www.portalalerta.com.br\/index.php\/wp-json\/wp\/v2\/posts"}],"about":[{"href":"https:\/\/www.portalalerta.com.br\/index.php\/wp-json\/wp\/v2\/types\/post"}],"author":[{"embeddable":true,"href":"https:\/\/www.portalalerta.com.br\/index.php\/wp-json\/wp\/v2\/users\/2"}],"replies":[{"embeddable":true,"href":"https:\/\/www.portalalerta.com.br\/index.php\/wp-json\/wp\/v2\/comments?post=25834"}],"version-history":[{"count":1,"href":"https:\/\/www.portalalerta.com.br\/index.php\/wp-json\/wp\/v2\/posts\/25834\/revisions"}],"predecessor-version":[{"id":25835,"href":"https:\/\/www.portalalerta.com.br\/index.php\/wp-json\/wp\/v2\/posts\/25834\/revisions\/25835"}],"wp:featuredmedia":[{"embeddable":true,"href":"https:\/\/www.portalalerta.com.br\/index.php\/wp-json\/wp\/v2\/media\/24445"}],"wp:attachment":[{"href":"https:\/\/www.portalalerta.com.br\/index.php\/wp-json\/wp\/v2\/media?parent=25834"}],"wp:term":[{"taxonomy":"category","embeddable":true,"href":"https:\/\/www.portalalerta.com.br\/index.php\/wp-json\/wp\/v2\/categories?post=25834"},{"taxonomy":"post_tag","embeddable":true,"href":"https:\/\/www.portalalerta.com.br\/index.php\/wp-json\/wp\/v2\/tags?post=25834"}],"curies":[{"name":"wp","href":"https:\/\/api.w.org\/{rel}","templated":true}]}}