{"id":25865,"date":"2020-06-22T23:08:25","date_gmt":"2020-06-23T02:08:25","guid":{"rendered":"https:\/\/www.portalalerta.com.br\/?p=25865"},"modified":"2020-06-22T23:08:25","modified_gmt":"2020-06-23T02:08:25","slug":"pgr-deputados-bolsonaristas-usaram-dinheiro-publico-para-divulgar-atos-anti-democraticos","status":"publish","type":"post","link":"https:\/\/www.portalalerta.com.br\/index.php\/2020\/06\/22\/pgr-deputados-bolsonaristas-usaram-dinheiro-publico-para-divulgar-atos-anti-democraticos\/","title":{"rendered":"PGR: deputados bolsonaristas usaram dinheiro p\u00fablico para divulgar atos anti-democr\u00e1ticos"},"content":{"rendered":"<p style=\"text-align: justify;\">Quatro deputados federais ligados ao presidente usaram verba p\u00fablica para divulgar atos anti-democr\u00e1ticos, de acordo com o vice-Procurador-Geral da Rep\u00fablica, Humberto Jacques. As manifesta\u00e7\u00f5es aconteceram no dia 3 de maio.\u00a0<!--more--><\/p>\n<p style=\"text-align: justify;\">S\u00e3o eles: Bia Kicis (DF), General Gir\u00e3o (RN), Guiga Peixoto (SP) e Aline Sleutjes (PR) .<\/p>\n<p style=\"text-align: justify;\">De acordo com O Globo, o caso est\u00e1 contado na peti\u00e7\u00e3o pela qual Jacques requereu a quebra de sigilos banc\u00e1rios, fiscal e telem\u00e1tico de congressistas aliados de Jair Bolsonaro.<\/p>\n<p style=\"text-align: justify;\">Essas e outras dilig\u00eancias, autorizadas pelo ministro Alexandre de Moraes, resultaram na opera\u00e7\u00e3o da PF deflagrada anteontem.<\/p>\n<p style=\"text-align: justify;\"><img fetchpriority=\"high\" decoding=\"async\" class=\"size-thumbnail wp-image-25012 aligncenter\" src=\"https:\/\/www.portalalerta.com.br\/wp-content\/uploads\/2020\/06\/real-acordo.1-720x92.jpg\" alt=\"\" width=\"720\" height=\"92\" \/>De acordo com Jacques, tr\u00eas dos quatro investigados contrataram a empresa Inclutech Tecnologia em abril, sob a rubrica divulga\u00e7\u00e3o de atividades, para &#8220;promover o respectivo apoiamento aos atos antidemocr\u00e1ticos&#8221;.<\/p>\n<p style=\"text-align: justify;\">Ainda segundo o documento da PGR, Kicis desembolsou R$ 6,4 mil da cota pela &#8220;cria\u00e7\u00e3o e elabora\u00e7\u00e3o de pe\u00e7as em v\u00eddeo para publica\u00e7\u00e3o na web&#8221;. Guiga Peixoto, sustenta o procurador, gastou R$ 6,5 mil e Aline Sleutjes, R$ 10 mil em servi\u00e7os semelhantes, mas com o mesmo objetivo.<\/p>\n<p style=\"text-align: justify;\">Jacques afirma ainda que General Gir\u00e3o usou R$ 7,4 mil do cot\u00e3o para contratar a empresa Lima Junior, conforme diz a investiga\u00e7\u00e3o, tamb\u00e9m para bater bumbo pelos protestos.<\/p>\n<p style=\"text-align: justify;\"><em>Fonte: Metro1<\/em><\/p>\n","protected":false},"excerpt":{"rendered":"<p>Quatro deputados federais ligados ao presidente usaram verba p\u00fablica para divulgar atos anti-democr\u00e1ticos, de acordo com o vice-Procurador-Geral da Rep\u00fablica, Humberto Jacques. As manifesta\u00e7\u00f5es aconteceram no dia 3 de maio.\u00a0<\/p>\n","protected":false},"author":2,"featured_media":23847,"comment_status":"open","ping_status":"open","sticky":false,"template":"","format":"standard","meta":{"om_disable_all_campaigns":false,"_monsterinsights_skip_tracking":false,"_monsterinsights_sitenote_active":false,"_monsterinsights_sitenote_note":"","_monsterinsights_sitenote_category":0,"footnotes":""},"categories":[34,70,69,21],"tags":[93,2312,2725,1395,411,199],"class_list":["post-25865","post","type-post","status-publish","format-standard","has-post-thumbnail","hentry","category-brasil","category-destaques","category-noticias2","category-politica","tag-brasil","tag-democracia","tag-deputados-federais","tag-jair-bolsonaro","tag-pgr","tag-politica"],"aioseo_notices":[],"_links":{"self":[{"href":"https:\/\/www.portalalerta.com.br\/index.php\/wp-json\/wp\/v2\/posts\/25865","targetHints":{"allow":["GET"]}}],"collection":[{"href":"https:\/\/www.portalalerta.com.br\/index.php\/wp-json\/wp\/v2\/posts"}],"about":[{"href":"https:\/\/www.portalalerta.com.br\/index.php\/wp-json\/wp\/v2\/types\/post"}],"author":[{"embeddable":true,"href":"https:\/\/www.portalalerta.com.br\/index.php\/wp-json\/wp\/v2\/users\/2"}],"replies":[{"embeddable":true,"href":"https:\/\/www.portalalerta.com.br\/index.php\/wp-json\/wp\/v2\/comments?post=25865"}],"version-history":[{"count":1,"href":"https:\/\/www.portalalerta.com.br\/index.php\/wp-json\/wp\/v2\/posts\/25865\/revisions"}],"predecessor-version":[{"id":25866,"href":"https:\/\/www.portalalerta.com.br\/index.php\/wp-json\/wp\/v2\/posts\/25865\/revisions\/25866"}],"wp:featuredmedia":[{"embeddable":true,"href":"https:\/\/www.portalalerta.com.br\/index.php\/wp-json\/wp\/v2\/media\/23847"}],"wp:attachment":[{"href":"https:\/\/www.portalalerta.com.br\/index.php\/wp-json\/wp\/v2\/media?parent=25865"}],"wp:term":[{"taxonomy":"category","embeddable":true,"href":"https:\/\/www.portalalerta.com.br\/index.php\/wp-json\/wp\/v2\/categories?post=25865"},{"taxonomy":"post_tag","embeddable":true,"href":"https:\/\/www.portalalerta.com.br\/index.php\/wp-json\/wp\/v2\/tags?post=25865"}],"curies":[{"name":"wp","href":"https:\/\/api.w.org\/{rel}","templated":true}]}}