{"id":25870,"date":"2020-06-22T23:31:03","date_gmt":"2020-06-23T02:31:03","guid":{"rendered":"https:\/\/www.portalalerta.com.br\/?p=25870"},"modified":"2020-06-22T23:31:03","modified_gmt":"2020-06-23T02:31:03","slug":"numero-de-pessoas-curadas-supera-o-de-casos-ativos-de-covid-19-na-bahia","status":"publish","type":"post","link":"https:\/\/www.portalalerta.com.br\/index.php\/2020\/06\/22\/numero-de-pessoas-curadas-supera-o-de-casos-ativos-de-covid-19-na-bahia\/","title":{"rendered":"N\u00famero de pessoas curadas supera o de casos ativos de Covid-19 na Bahia"},"content":{"rendered":"<p style=\"text-align: justify;\">O n\u00famero de pessoas curadas da Covid-19 superou, nesta segunda-feira (22\/6), o\u00a0\u00a0de casos ativos da doen\u00e7a, na Bahia. S\u00e3o 23.305 curados e 22.340 ativos, segundo boletim epidemiol\u00f3gico divulgado pela Secretaria da Sa\u00fae do Estado (Sesab).<!--more--><\/p>\n<p style=\"text-align: justify;\">Nas \u00faltimas 24 horas, foram registrados 807 casos de Covid-19 (taxa de crescimento de +1,7%), 50 mortes (+3,6%) e 717 curados (+3,2%). Desde o in\u00edcio da pandemia, 47.086 baianos testaram positivo para a doen\u00e7a causada pelo novo coronav\u00edrus e 1.441 morreram.<\/p>\n<p style=\"text-align: justify;\">As confirma\u00e7\u00f5es ocorreram em 359 munic\u00edpios do estado, com maior propor\u00e7\u00e3o em Salvador (50,67%). Os munic\u00edpios com os maiores coeficientes de incid\u00eancia por 100 mil habitantes foram Ipia\u00fa (1.218,58), Uru\u00e7uca (1.072,18), itaju\u00edpe (1.059,00), Gandu (1.052,37) e S\u00e3o Jos\u00e9 da Vit\u00f3ria (1.007,60).<\/p>\n<p style=\"text-align: justify;\"><img fetchpriority=\"high\" decoding=\"async\" class=\"size-thumbnail wp-image-4869 aligncenter\" src=\"https:\/\/www.portalalerta.com.br\/wp-content\/uploads\/2018\/02\/Auto-Escola-Nobre-720x181.jpg\" alt=\"\" width=\"720\" height=\"181\" srcset=\"https:\/\/www.portalalerta.com.br\/wp-content\/uploads\/2018\/02\/Auto-Escola-Nobre.jpg 720w, https:\/\/www.portalalerta.com.br\/wp-content\/uploads\/2018\/02\/Auto-Escola-Nobre-260x65.jpg 260w, https:\/\/www.portalalerta.com.br\/wp-content\/uploads\/2018\/02\/Auto-Escola-Nobre-50x13.jpg 50w, https:\/\/www.portalalerta.com.br\/wp-content\/uploads\/2018\/02\/Auto-Escola-Nobre-150x38.jpg 150w\" sizes=\"(max-width: 720px) 100vw, 720px\" \/>O boletim epidemiol\u00f3gico contabiliza 47.086 casos confirmados, 97.124 casos descartados e 101.457 em investiga\u00e7\u00e3o. Estes dados representam notifica\u00e7\u00f5es oficiais compiladas pelo Centro de Informa\u00e7\u00f5es Estrat\u00e9gicas em Vigil\u00e2ncia em Sa\u00fade da Bahia (Cievs-BA), em conjunto com os Cievs municipais e as bases de dados do Minist\u00e9rio da Sa\u00fade at\u00e9 as 18 horas desta segunda-feira (22\/6).<\/p>\n<p style=\"text-align: justify;\">Na Bahia, 6.340 profissionais da sa\u00fade foram confirmados para Covid-19. Para acessar o boletim completo.<\/p>\n<p style=\"text-align: justify;\"><strong>TAXA DE OCUPA\u00c7\u00c3O<\/strong><\/p>\n<p style=\"text-align: justify;\">Na Bahia, dos 2.183 leitos dispon\u00edveis do Sistema \u00danico de Sa\u00fade (SUS) exclusivos para coronav\u00edrus, 1.306 possuem pacientes internados, o que representa uma taxa de ocupa\u00e7\u00e3o de 60% No que se refere aos leitos de UTI adulto e pedi\u00e1trico, dos 896 leitos exclusivos para o coronav\u00edrus, 666 possuem pacientes internados, compreendendo uma taxa de ocupa\u00e7\u00e3o de 74%.<\/p>\n<p style=\"text-align: justify;\">Cabe ressaltar que o n\u00famero de leitos \u00e9 flutuante, representando o quantitativo exato de vagas dispon\u00edveis no dia. Intercorr\u00eancias com equipamentos, rede de gases ou equipes incompletas, por exemplo, inviabilizam a disponibilidade do leito. Ressalte-se que novos leitos s\u00e3o abertos progressivamente mediante o aumento da demanda.<\/p>\n<p style=\"text-align: justify;\"><em>Fonte: Aratu On Line<\/em><\/p>\n","protected":false},"excerpt":{"rendered":"<p>O n\u00famero de pessoas curadas da Covid-19 superou, nesta segunda-feira (22\/6), o\u00a0\u00a0de casos ativos da doen\u00e7a, na Bahia. S\u00e3o 23.305 curados e 22.340 ativos, segundo boletim epidemiol\u00f3gico divulgado pela Secretaria da Sa\u00fae do Estado (Sesab).<\/p>\n","protected":false},"author":2,"featured_media":24253,"comment_status":"open","ping_status":"open","sticky":false,"template":"","format":"standard","meta":{"om_disable_all_campaigns":false,"_monsterinsights_skip_tracking":false,"_monsterinsights_sitenote_active":false,"_monsterinsights_sitenote_note":"","_monsterinsights_sitenote_category":0,"footnotes":""},"categories":[33,70,69,19],"tags":[54,3429,3486,3454,61],"class_list":["post-25870","post","type-post","status-publish","format-standard","has-post-thumbnail","hentry","category-bahia","category-destaques","category-noticias2","category-saude","tag-bahia","tag-coronavirus","tag-covid-19","tag-cura","tag-saude"],"aioseo_notices":[],"_links":{"self":[{"href":"https:\/\/www.portalalerta.com.br\/index.php\/wp-json\/wp\/v2\/posts\/25870","targetHints":{"allow":["GET"]}}],"collection":[{"href":"https:\/\/www.portalalerta.com.br\/index.php\/wp-json\/wp\/v2\/posts"}],"about":[{"href":"https:\/\/www.portalalerta.com.br\/index.php\/wp-json\/wp\/v2\/types\/post"}],"author":[{"embeddable":true,"href":"https:\/\/www.portalalerta.com.br\/index.php\/wp-json\/wp\/v2\/users\/2"}],"replies":[{"embeddable":true,"href":"https:\/\/www.portalalerta.com.br\/index.php\/wp-json\/wp\/v2\/comments?post=25870"}],"version-history":[{"count":1,"href":"https:\/\/www.portalalerta.com.br\/index.php\/wp-json\/wp\/v2\/posts\/25870\/revisions"}],"predecessor-version":[{"id":25871,"href":"https:\/\/www.portalalerta.com.br\/index.php\/wp-json\/wp\/v2\/posts\/25870\/revisions\/25871"}],"wp:featuredmedia":[{"embeddable":true,"href":"https:\/\/www.portalalerta.com.br\/index.php\/wp-json\/wp\/v2\/media\/24253"}],"wp:attachment":[{"href":"https:\/\/www.portalalerta.com.br\/index.php\/wp-json\/wp\/v2\/media?parent=25870"}],"wp:term":[{"taxonomy":"category","embeddable":true,"href":"https:\/\/www.portalalerta.com.br\/index.php\/wp-json\/wp\/v2\/categories?post=25870"},{"taxonomy":"post_tag","embeddable":true,"href":"https:\/\/www.portalalerta.com.br\/index.php\/wp-json\/wp\/v2\/tags?post=25870"}],"curies":[{"name":"wp","href":"https:\/\/api.w.org\/{rel}","templated":true}]}}