{"id":25872,"date":"2020-06-22T23:50:36","date_gmt":"2020-06-23T02:50:36","guid":{"rendered":"https:\/\/www.portalalerta.com.br\/?p=25872"},"modified":"2020-06-22T23:50:36","modified_gmt":"2020-06-23T02:50:36","slug":"euclides-da-cunha-ba-registra-o-segundo-obito-por-covid-19","status":"publish","type":"post","link":"https:\/\/www.portalalerta.com.br\/index.php\/2020\/06\/22\/euclides-da-cunha-ba-registra-o-segundo-obito-por-covid-19\/","title":{"rendered":"Euclides da Cunha-BA registra o segundo \u00f3bito por Covid-19"},"content":{"rendered":"<p style=\"text-align: justify;\">O munic\u00edpio de Euclides da Cunha-BA divulgou uma nota no \u00faltimo domingo, 21, que foi registrado o segundo \u00f3bito por Covid19- (Coronav\u00edrus).<!--more--><\/p>\n<p style=\"text-align: justify;\">Trata-se de um paciente que se encontrava internado na Unidade de Pronto Atendimento (UPA) da cidade, n\u00e3o sendo divulgado mais detalhes.<\/p>\n<p style=\"text-align: justify;\"><img fetchpriority=\"high\" decoding=\"async\" class=\"size-thumbnail wp-image-25012 aligncenter\" src=\"https:\/\/www.portalalerta.com.br\/wp-content\/uploads\/2020\/06\/real-acordo.1-720x92.jpg\" alt=\"\" width=\"720\" height=\"92\" \/>Al\u00e9m disso, o munic\u00edpio divulgou nesta segunda-feira, 22, a 20\u00aa infec\u00e7\u00e3o. O euclidense se encontra internado num Hospital na Capital Baiana, onde foi testado positivo para a doen\u00e7a.<\/p>\n<p style=\"text-align: justify;\">Dos 20 casos confirmados, 11 se encontram ativos (55%), 07 foram curados (35%), e 02 morreram (10%).<\/p>\n<p style=\"text-align: justify;\"><strong><a href=\"https:\/\/www.portalalerta.com.br\/index.php\/2020\/05\/27\/saiba-como-esta-a-evolucao-do-covid-19-em-euclides-da-cunha-ba\/\">Clique aqui e saiba como est\u00e1 a evolu\u00e7\u00e3o do Covid-19 em Euclides da Cunha-BA<\/a><\/strong><\/p>\n<p style=\"text-align: justify;\"><em style=\"font-weight: inherit;\">Reda\u00e7\u00e3o: Portal Alerta<\/em><\/p>\n<p style=\"text-align: justify;\"><strong><em style=\"font-weight: inherit;\">#fiqueemcasa<\/em><\/strong><\/p>\n<p style=\"text-align: justify;\"><em><strong>#usemascaras<\/strong><\/em><\/p>\n","protected":false},"excerpt":{"rendered":"<p>O munic\u00edpio de Euclides da Cunha-BA divulgou uma nota no \u00faltimo domingo, 21, que foi registrado o segundo \u00f3bito por Covid19- (Coronav\u00edrus).<\/p>\n","protected":false},"author":2,"featured_media":13327,"comment_status":"open","ping_status":"open","sticky":false,"template":"","format":"standard","meta":{"om_disable_all_campaigns":false,"_monsterinsights_skip_tracking":false,"_monsterinsights_sitenote_active":false,"_monsterinsights_sitenote_note":"","_monsterinsights_sitenote_category":0,"footnotes":""},"categories":[70,17,69,32,19],"tags":[3429,3486,129,61],"class_list":["post-25872","post","type-post","status-publish","format-standard","has-post-thumbnail","hentry","category-destaques","category-euclides-da-cunha","category-noticias2","category-regiao","category-saude","tag-coronavirus","tag-covid-19","tag-euclides-da-cunha","tag-saude"],"aioseo_notices":[],"_links":{"self":[{"href":"https:\/\/www.portalalerta.com.br\/index.php\/wp-json\/wp\/v2\/posts\/25872","targetHints":{"allow":["GET"]}}],"collection":[{"href":"https:\/\/www.portalalerta.com.br\/index.php\/wp-json\/wp\/v2\/posts"}],"about":[{"href":"https:\/\/www.portalalerta.com.br\/index.php\/wp-json\/wp\/v2\/types\/post"}],"author":[{"embeddable":true,"href":"https:\/\/www.portalalerta.com.br\/index.php\/wp-json\/wp\/v2\/users\/2"}],"replies":[{"embeddable":true,"href":"https:\/\/www.portalalerta.com.br\/index.php\/wp-json\/wp\/v2\/comments?post=25872"}],"version-history":[{"count":1,"href":"https:\/\/www.portalalerta.com.br\/index.php\/wp-json\/wp\/v2\/posts\/25872\/revisions"}],"predecessor-version":[{"id":25873,"href":"https:\/\/www.portalalerta.com.br\/index.php\/wp-json\/wp\/v2\/posts\/25872\/revisions\/25873"}],"wp:featuredmedia":[{"embeddable":true,"href":"https:\/\/www.portalalerta.com.br\/index.php\/wp-json\/wp\/v2\/media\/13327"}],"wp:attachment":[{"href":"https:\/\/www.portalalerta.com.br\/index.php\/wp-json\/wp\/v2\/media?parent=25872"}],"wp:term":[{"taxonomy":"category","embeddable":true,"href":"https:\/\/www.portalalerta.com.br\/index.php\/wp-json\/wp\/v2\/categories?post=25872"},{"taxonomy":"post_tag","embeddable":true,"href":"https:\/\/www.portalalerta.com.br\/index.php\/wp-json\/wp\/v2\/tags?post=25872"}],"curies":[{"name":"wp","href":"https:\/\/api.w.org\/{rel}","templated":true}]}}