{"id":25874,"date":"2020-06-23T11:46:38","date_gmt":"2020-06-23T14:46:38","guid":{"rendered":"https:\/\/www.portalalerta.com.br\/?p=25874"},"modified":"2020-06-23T11:46:38","modified_gmt":"2020-06-23T14:46:38","slug":"coronel-e-capitao-da-pm-ba-sao-investigados-por-praticas-de-extorsoes-homicidios-e-ameacas-ocorridas-em-paulo-afonso","status":"publish","type":"post","link":"https:\/\/www.portalalerta.com.br\/index.php\/2020\/06\/23\/coronel-e-capitao-da-pm-ba-sao-investigados-por-praticas-de-extorsoes-homicidios-e-ameacas-ocorridas-em-paulo-afonso\/","title":{"rendered":"Coronel e Capit\u00e3o da PM-BA s\u00e3o investigados por pr\u00e1ticas de extors\u00f5es, homic\u00eddios e amea\u00e7as, ocorridas em Paulo Afonso"},"content":{"rendered":"<p style=\"text-align: justify;\">Um esquema de extors\u00f5es, homic\u00eddios, amea\u00e7as e torturas que teria sido praticado por policiais militares entre os anos de 2017 e 2019 est\u00e1 sendo investigado pela pr\u00f3pria corpora\u00e7\u00e3o, segundo informa o site\u00a0Aratu On. A confirma\u00e7\u00e3o das suspeitas da PM, que d\u00e1 continuidade ao processo, foi registrada no \u00faltimo dia 15 de junho, no chamado Boletim Geral Reservado (BGR), uma esp\u00e9cie de di\u00e1rio oficial da institui\u00e7\u00e3o.\u00a0<!--more--><\/p>\n<p style=\"text-align: justify;\">A publica\u00e7\u00e3o, coloca o ent\u00e3o comandante do 20\u00ba Batalh\u00e3o da PM, Tenente coronel Carlos Humberto da Silva Moreira &#8211; o &#8220;Cachorr\u00e3o&#8221; -, como &#8220;l\u00edder do grupo criminoso&#8221;. A unidade ent\u00e3o chefiada pelo oficial \u00e9 localizada no munic\u00edpio de Paulo Afonso, onde os casos teriam sido praticados. Al\u00e9m dele, \u00e9 citado tamb\u00e9m no processo o nome de um outro oficial, o capit\u00e3o Rodolfo Vieira Santos.<\/p>\n<p style=\"text-align: justify;\">&#8220;Evidencia, ainda, a documenta\u00e7\u00e3o, que policiais militares lotados no 20\u00ba BPM\/Paulo Afonso, estavam utilizando-se da fun\u00e7\u00e3o p\u00fablica para perpetrar in\u00fameros crimes como extors\u00f5es de quantias de comerciantes, homic\u00eddios, amea\u00e7as, torturas, dentre outros, com requinte de crueldade, cujas muitas das imputa\u00e7\u00f5es recaem sobre o Ten Cel Humberto, que seria o l\u00edder do grupo criminoso&#8221;, diz um trecho do documento.<\/p>\n<p style=\"text-align: justify;\"><img fetchpriority=\"high\" decoding=\"async\" class=\"aligncenter wp-image-25875 size-medium\" src=\"https:\/\/www.portalalerta.com.br\/wp-content\/uploads\/2020\/06\/Cel-Humberto-Cachorr\u00e3o.1-527x1024.jpg\" alt=\"\" width=\"527\" height=\"1024\" srcset=\"https:\/\/www.portalalerta.com.br\/wp-content\/uploads\/2020\/06\/Cel-Humberto-Cachorr\u00e3o.1-527x1024.jpg 527w, https:\/\/www.portalalerta.com.br\/wp-content\/uploads\/2020\/06\/Cel-Humberto-Cachorr\u00e3o.1-123x240.jpg 123w, https:\/\/www.portalalerta.com.br\/wp-content\/uploads\/2020\/06\/Cel-Humberto-Cachorr\u00e3o.1-75x146.jpg 75w, https:\/\/www.portalalerta.com.br\/wp-content\/uploads\/2020\/06\/Cel-Humberto-Cachorr\u00e3o.1-26x50.jpg 26w, https:\/\/www.portalalerta.com.br\/wp-content\/uploads\/2020\/06\/Cel-Humberto-Cachorr\u00e3o.1-39x75.jpg 39w, https:\/\/www.portalalerta.com.br\/wp-content\/uploads\/2020\/06\/Cel-Humberto-Cachorr\u00e3o.1.jpg 591w\" sizes=\"(max-width: 527px) 100vw, 527px\" \/>Especialistas ouvidos pela reportagem indicam que, na pr\u00e1tica, foi realizada uma investiga\u00e7\u00e3o preliminar no \u00e2mbito da pr\u00f3pria PM. A partir disso, foram constatados ind\u00edcios de autoria por parte dos dois citados. A partir da conclus\u00e3o do chamado Inqu\u00e9rito Policial Militar (IPM), foi autorizada a abertura de um processo que pode levar \u00e0 puni\u00e7\u00e3o do tenente coronel e do capit\u00e3o.<\/p>\n<p style=\"text-align: justify;\"><img decoding=\"async\" class=\"size-thumbnail wp-image-9394 alignleft\" src=\"https:\/\/www.portalalerta.com.br\/wp-content\/uploads\/2018\/07\/05elab-320x240.jpg\" alt=\"\" width=\"320\" height=\"240\" srcset=\"https:\/\/www.portalalerta.com.br\/wp-content\/uploads\/2018\/07\/05elab-320x240.jpg 320w, https:\/\/www.portalalerta.com.br\/wp-content\/uploads\/2018\/07\/05elab-195x146.jpg 195w, https:\/\/www.portalalerta.com.br\/wp-content\/uploads\/2018\/07\/05elab-50x38.jpg 50w, https:\/\/www.portalalerta.com.br\/wp-content\/uploads\/2018\/07\/05elab-100x75.jpg 100w, https:\/\/www.portalalerta.com.br\/wp-content\/uploads\/2018\/07\/05elab.jpg 400w\" sizes=\"(max-width: 320px) 100vw, 320px\" \/>Os pr\u00f3ximos passos do processo, ainda de acordo com especialistas, devem acontecer ainda dentro da PM. Caso sejam comprovadas as suspeitas, os dois devem sofrer san\u00e7\u00f5es, que podem at\u00e9 resultar na expuls\u00e3o de Humberto e Rodolfo da corpora\u00e7\u00e3o. Esse procedimento, por\u00e9m, \u00e9 demorado e n\u00e3o tem prazo para ocorrer. Procurada pela reportagem, a assessoria da PM disse que s\u00f3 se pronunciar\u00e1 ao t\u00e9rmino das investiga\u00e7\u00f5es.<\/p>\n<p style=\"text-align: justify;\">Al\u00e9m disso, dizem os advogados, o Minist\u00e9rio P\u00fablico da Bahia tamb\u00e9m pode e deve investigar os supostos homic\u00eddios, extors\u00f5es e amea\u00e7as no \u00e2mbito da Justi\u00e7a comum. O\u00a0site em quest\u00e3o\u00a0procurou o \u00f3rg\u00e3o para saber se j\u00e1 foi dado in\u00edcio ao tr\u00e2mite, por\u00e9m o MP da Bahia n\u00e3o respondeu aos questionamentos.<\/p>\n<p style=\"text-align: justify;\"><strong>PROMO\u00c7\u00c3O E TRANSFER\u00caNCIA\u00a0<\/strong><\/p>\n<p style=\"text-align: justify;\">Mesmo com a investiga\u00e7\u00e3o, o tenente coronel Humberto Moreira\u00a0chefia o 1\u00ba BEIC, um Batalh\u00e3o de Ensino, Instru\u00e7\u00e3o e Capacita\u00e7\u00e3o localizado em Feira de Santana. Ele tomou posse na unidade em julho de 2019, logo depois de ser exonerado do BPM de Paulo Afonso.<\/p>\n<p style=\"text-align: justify;\">&#8220;Cachorr\u00e3o&#8221; j\u00e1 comandou diversas unidades da PM. Enquanto major, esteve \u00e0 frente de pelo menos duas companhias em Salvador &#8211; a 37\u00aa CIPM (Liberdade) e 14\u00aa CIPM (Lobato) &#8211; e um Batalh\u00e3o, o 8\u00ba BPM, em Porto Seguro, onde chegou em 2015. No discurso de posse deste \u00faltimo, disse que chegava &#8220;para combater a viol\u00eancia, o tr\u00e1fico e promover a seguran\u00e7a social&#8221;.<\/p>\n<p style=\"text-align: justify;\">Em abril de 2017, oportunidade em que ele ainda comandava a CIPM localizada no Lobato, saiu no Di\u00e1rio Oficial da Bahia a promo\u00e7\u00e3o do oficial da PM, &#8220;por crit\u00e9rio de merecimento&#8221;.<\/p>\n<p style=\"text-align: justify;\"><em>Fonte: Aratu On Line<\/em><\/p>\n","protected":false},"excerpt":{"rendered":"<p>Um esquema de extors\u00f5es, homic\u00eddios, amea\u00e7as e torturas que teria sido praticado por policiais militares entre os anos de 2017 e 2019 est\u00e1 sendo investigado pela pr\u00f3pria corpora\u00e7\u00e3o, segundo informa o site\u00a0Aratu On. A confirma\u00e7\u00e3o das suspeitas da PM, que d\u00e1 continuidade ao processo, foi registrada no \u00faltimo dia 15 de junho, no chamado Boletim &hellip;<\/p>\n","protected":false},"author":2,"featured_media":25876,"comment_status":"open","ping_status":"open","sticky":false,"template":"","format":"standard","meta":{"om_disable_all_campaigns":false,"_monsterinsights_skip_tracking":false,"_monsterinsights_sitenote_active":false,"_monsterinsights_sitenote_note":"","_monsterinsights_sitenote_category":0,"footnotes":""},"categories":[33,70,69,22],"tags":[59,54,1672,206,118,79,1718],"class_list":["post-25874","post","type-post","status-publish","format-standard","has-post-thumbnail","hentry","category-bahia","category-destaques","category-noticias2","category-seguranca","tag-ameaca","tag-bahia","tag-extorsao","tag-homicidio","tag-paulo-afonso","tag-policia-militar","tag-tortura"],"aioseo_notices":[],"_links":{"self":[{"href":"https:\/\/www.portalalerta.com.br\/index.php\/wp-json\/wp\/v2\/posts\/25874","targetHints":{"allow":["GET"]}}],"collection":[{"href":"https:\/\/www.portalalerta.com.br\/index.php\/wp-json\/wp\/v2\/posts"}],"about":[{"href":"https:\/\/www.portalalerta.com.br\/index.php\/wp-json\/wp\/v2\/types\/post"}],"author":[{"embeddable":true,"href":"https:\/\/www.portalalerta.com.br\/index.php\/wp-json\/wp\/v2\/users\/2"}],"replies":[{"embeddable":true,"href":"https:\/\/www.portalalerta.com.br\/index.php\/wp-json\/wp\/v2\/comments?post=25874"}],"version-history":[{"count":1,"href":"https:\/\/www.portalalerta.com.br\/index.php\/wp-json\/wp\/v2\/posts\/25874\/revisions"}],"predecessor-version":[{"id":25877,"href":"https:\/\/www.portalalerta.com.br\/index.php\/wp-json\/wp\/v2\/posts\/25874\/revisions\/25877"}],"wp:featuredmedia":[{"embeddable":true,"href":"https:\/\/www.portalalerta.com.br\/index.php\/wp-json\/wp\/v2\/media\/25876"}],"wp:attachment":[{"href":"https:\/\/www.portalalerta.com.br\/index.php\/wp-json\/wp\/v2\/media?parent=25874"}],"wp:term":[{"taxonomy":"category","embeddable":true,"href":"https:\/\/www.portalalerta.com.br\/index.php\/wp-json\/wp\/v2\/categories?post=25874"},{"taxonomy":"post_tag","embeddable":true,"href":"https:\/\/www.portalalerta.com.br\/index.php\/wp-json\/wp\/v2\/tags?post=25874"}],"curies":[{"name":"wp","href":"https:\/\/api.w.org\/{rel}","templated":true}]}}