{"id":25885,"date":"2020-06-24T12:14:48","date_gmt":"2020-06-24T15:14:48","guid":{"rendered":"https:\/\/www.portalalerta.com.br\/?p=25885"},"modified":"2020-06-24T12:14:48","modified_gmt":"2020-06-24T15:14:48","slug":"tse-rejeita-acao-contra-bolsonaro-por-instalacao-de-outdoors-durante-eleicoes","status":"publish","type":"post","link":"https:\/\/www.portalalerta.com.br\/index.php\/2020\/06\/24\/tse-rejeita-acao-contra-bolsonaro-por-instalacao-de-outdoors-durante-eleicoes\/","title":{"rendered":"TSE rejeita a\u00e7\u00e3o contra Bolsonaro por instala\u00e7\u00e3o de outdoors durante elei\u00e7\u00f5es"},"content":{"rendered":"<p style=\"text-align: justify;\">O TSE (Tribunal Superior Eleitoral) rejeitou, nesta ter\u00e7a-feira (23), uma a\u00e7\u00e3o eleitoral que poderia levar \u00e0 cassa\u00e7\u00e3o de\u00a0Jair Bolsonaro\u00a0e de Hamilton Mour\u00e3o por crimes eleitorais.<!--more--><\/p>\n<p style=\"text-align: justify;\">Por unanimidade, a corte recusou a representa\u00e7\u00e3o em que o PT acusa a chapa eleita nas elei\u00e7\u00f5es de 2018 por abuso de poder econ\u00f4mico devido \u00e0 instala\u00e7\u00e3o de dezenas de outdoors em ao menos 33 cidades de 13 estados.<\/p>\n<p style=\"text-align: justify;\">A procuradoria-geral Eleitoral indicou que foram, na verdade, 195 outdoors em 25 unidades da Federa\u00e7\u00e3o. Mas o \u00f3rg\u00e3o tamb\u00e9m se manifestou contra a a\u00e7\u00e3o por entender que n\u00e3o ficou comprovado o envolvimento da chapa de Bolsonaro nos atos.<\/p>\n<p style=\"text-align: justify;\">O relator do caso, ministro Og Fernandes, afirmou que o autor da a\u00e7\u00e3o n\u00e3o comprovou elementos suficientes para conclus\u00e3o de que houve interfer\u00eancia na normalidade das elei\u00e7\u00f5es.<\/p>\n<p style=\"text-align: justify;\">&#8220;N\u00e3o \u00e9 poss\u00edvel afirmar que a instala\u00e7\u00e3o de outdoors em alguns munic\u00edpios de alguns estados tenha revelado gravidade suficiente a ponto de provocar um desequil\u00edbrio na elei\u00e7\u00e3o presidencial de 2018, cuja abrang\u00eancia dizia respeito a 27 unidades da Federa\u00e7\u00e3o, com 5.570 munic\u00edpios&#8221;, disse.<\/p>\n<p style=\"text-align: justify;\"><img fetchpriority=\"high\" decoding=\"async\" class=\"size-thumbnail wp-image-25012 aligncenter\" src=\"https:\/\/www.portalalerta.com.br\/wp-content\/uploads\/2020\/06\/real-acordo.1-720x92.jpg\" alt=\"\" width=\"720\" height=\"92\" \/>O ministro Edson Fachin ressaltou que n\u00e3o h\u00e1 ind\u00edcios suficientes para cassar o mandato de Bolsonaro.<\/p>\n<p style=\"text-align: justify;\">&#8220;A quest\u00e3o central diz respeito precisamente \u00e0 aus\u00eancia de prova suficiente para evidenciar gravidade que afete o equil\u00edbrio do processo eleitoral no pa\u00eds&#8221;, destacou.<\/p>\n<p style=\"text-align: justify;\">O ministro Lu\u00eds Felipe Salom\u00e3o seguiu a mesma linha e disse que n\u00e3o ficou comprovado a exist\u00eancia de a\u00e7\u00e3o coordenada do candidato para custear a exposi\u00e7\u00e3o das pe\u00e7as publicit\u00e1rias.<\/p>\n<p style=\"text-align: justify;\">&#8220;O valor total despedindo nos outdoors gravita em torno 5,64% do gasto de Jair Bolsonaro. Se considerado o limite gasto presidencial, o material publicit\u00e1rio se referia 0,13% do total de gastos. Ante o exposto, acompanho o eminente relator e voto pela improced\u00eancia&#8221;, salientou.<\/p>\n<p style=\"text-align: justify;\">O PT havia alegado abuso de poder econ\u00f4mico porque Bolsonaro ganhou refor\u00e7o financeiro que n\u00e3o estava previsto nos gastos da campanha.<\/p>\n<p style=\"text-align: justify;\">Al\u00e9m disso, havia sustentado que a Lei das Elei\u00e7\u00f5es veda a propaganda eleitoral feita em outdoors.<\/p>\n<p style=\"text-align: justify;\">O partido ressaltou ainda que a &#8220;a uniformidade das pe\u00e7as publicit\u00e1rias&#8221; revela &#8220;a exist\u00eancia de uma a\u00e7\u00e3o orquestrada, a escapar da singela manifesta\u00e7\u00e3o de apoiadores desavisados&#8221;.<\/p>\n<p style=\"text-align: justify;\">Fonte: Yahoo Not\u00edcias<\/p>\n","protected":false},"excerpt":{"rendered":"<p>O TSE (Tribunal Superior Eleitoral) rejeitou, nesta ter\u00e7a-feira (23), uma a\u00e7\u00e3o eleitoral que poderia levar \u00e0 cassa\u00e7\u00e3o de\u00a0Jair Bolsonaro\u00a0e de Hamilton Mour\u00e3o por crimes eleitorais.<\/p>\n","protected":false},"author":2,"featured_media":13241,"comment_status":"open","ping_status":"open","sticky":false,"template":"","format":"standard","meta":{"om_disable_all_campaigns":false,"_monsterinsights_skip_tracking":false,"_monsterinsights_sitenote_active":false,"_monsterinsights_sitenote_note":"","_monsterinsights_sitenote_category":0,"footnotes":""},"categories":[34,70,69,21],"tags":[93,3429,3486,1719,1395,199,61,549],"class_list":["post-25885","post","type-post","status-publish","format-standard","has-post-thumbnail","hentry","category-brasil","category-destaques","category-noticias2","category-politica","tag-brasil","tag-coronavirus","tag-covid-19","tag-general-mourao","tag-jair-bolsonaro","tag-politica","tag-saude","tag-tse"],"aioseo_notices":[],"_links":{"self":[{"href":"https:\/\/www.portalalerta.com.br\/index.php\/wp-json\/wp\/v2\/posts\/25885","targetHints":{"allow":["GET"]}}],"collection":[{"href":"https:\/\/www.portalalerta.com.br\/index.php\/wp-json\/wp\/v2\/posts"}],"about":[{"href":"https:\/\/www.portalalerta.com.br\/index.php\/wp-json\/wp\/v2\/types\/post"}],"author":[{"embeddable":true,"href":"https:\/\/www.portalalerta.com.br\/index.php\/wp-json\/wp\/v2\/users\/2"}],"replies":[{"embeddable":true,"href":"https:\/\/www.portalalerta.com.br\/index.php\/wp-json\/wp\/v2\/comments?post=25885"}],"version-history":[{"count":1,"href":"https:\/\/www.portalalerta.com.br\/index.php\/wp-json\/wp\/v2\/posts\/25885\/revisions"}],"predecessor-version":[{"id":25886,"href":"https:\/\/www.portalalerta.com.br\/index.php\/wp-json\/wp\/v2\/posts\/25885\/revisions\/25886"}],"wp:featuredmedia":[{"embeddable":true,"href":"https:\/\/www.portalalerta.com.br\/index.php\/wp-json\/wp\/v2\/media\/13241"}],"wp:attachment":[{"href":"https:\/\/www.portalalerta.com.br\/index.php\/wp-json\/wp\/v2\/media?parent=25885"}],"wp:term":[{"taxonomy":"category","embeddable":true,"href":"https:\/\/www.portalalerta.com.br\/index.php\/wp-json\/wp\/v2\/categories?post=25885"},{"taxonomy":"post_tag","embeddable":true,"href":"https:\/\/www.portalalerta.com.br\/index.php\/wp-json\/wp\/v2\/tags?post=25885"}],"curies":[{"name":"wp","href":"https:\/\/api.w.org\/{rel}","templated":true}]}}