{"id":25887,"date":"2020-06-24T12:19:35","date_gmt":"2020-06-24T15:19:35","guid":{"rendered":"https:\/\/www.portalalerta.com.br\/?p=25887"},"modified":"2020-06-24T12:19:35","modified_gmt":"2020-06-24T15:19:35","slug":"prefeito-de-ribeira-do-pombal-ba-testa-positivo-para-o-covid-19","status":"publish","type":"post","link":"https:\/\/www.portalalerta.com.br\/index.php\/2020\/06\/24\/prefeito-de-ribeira-do-pombal-ba-testa-positivo-para-o-covid-19\/","title":{"rendered":"Prefeito de Ribeira do Pombal-BA testa positivo para o Covid-19"},"content":{"rendered":"<p style=\"text-align: justify;\">No \u00faltimo s\u00e1bado, 20, o prefeito de Ribeira do Pombal-BA divulgou que estava entrando em isolamento domiciliar, ap\u00f3s retornar de Bras\u00edlia-DF, onde cumpriu compromissos oficiais.<!--more--><\/p>\n<p style=\"text-align: justify;\"><img fetchpriority=\"high\" decoding=\"async\" class=\"size-thumbnail wp-image-9394 alignleft\" src=\"https:\/\/www.portalalerta.com.br\/wp-content\/uploads\/2018\/07\/05elab-320x240.jpg\" alt=\"\" width=\"320\" height=\"240\" srcset=\"https:\/\/www.portalalerta.com.br\/wp-content\/uploads\/2018\/07\/05elab-320x240.jpg 320w, https:\/\/www.portalalerta.com.br\/wp-content\/uploads\/2018\/07\/05elab-195x146.jpg 195w, https:\/\/www.portalalerta.com.br\/wp-content\/uploads\/2018\/07\/05elab-50x38.jpg 50w, https:\/\/www.portalalerta.com.br\/wp-content\/uploads\/2018\/07\/05elab-100x75.jpg 100w, https:\/\/www.portalalerta.com.br\/wp-content\/uploads\/2018\/07\/05elab.jpg 400w\" sizes=\"(max-width: 320px) 100vw, 320px\" \/>Num v\u00eddeo publicado em sua p\u00e1gina no instagram, Ricardo estava sendo submetido a uma coleta de material necess\u00e1rio para a realiza\u00e7\u00e3o do exame RT-PCR, que foi enviado para o Laborat\u00f3rio Central do Estado (LACEN), para a realiza\u00e7\u00e3o do exame.<\/p>\n<p style=\"text-align: justify;\">J\u00e1 nesta ter\u00e7a-feira, 24, durante uma entrevista a uma r\u00e1dio da cidade, Ricardo confirmou que est\u00e1 infectado com a doen\u00e7a, e que o resultado tinha sido divulgado pelo LACEN na noite anterior. Na oportunidade, o gestor ressaltou que permanece em isolamento social, e que desde ent\u00e3o s\u00f3 teve contato com a pr\u00f3pria esposa, Lakcelma Costa, que \u00e9 secret\u00e1ria de sa\u00fade no munic\u00edpio.<\/p>\n<p style=\"text-align: justify;\"><em>Reda\u00e7\u00e3o: Portal Alerta<\/em><\/p>\n<p style=\"text-align: justify;\"><strong><em>#fiqueemcasa<\/em><\/strong><\/p>\n<p style=\"text-align: justify;\"><strong><em>#usemascaras<\/em><\/strong><\/p>\n","protected":false},"excerpt":{"rendered":"<p>No \u00faltimo s\u00e1bado, 20, o prefeito de Ribeira do Pombal-BA divulgou que estava entrando em isolamento domiciliar, ap\u00f3s retornar de Bras\u00edlia-DF, onde cumpriu compromissos oficiais.<\/p>\n","protected":false},"author":2,"featured_media":23430,"comment_status":"open","ping_status":"open","sticky":false,"template":"","format":"standard","meta":{"om_disable_all_campaigns":false,"_monsterinsights_skip_tracking":false,"_monsterinsights_sitenote_active":false,"_monsterinsights_sitenote_note":"","_monsterinsights_sitenote_category":0,"footnotes":""},"categories":[70,69,21,32,3,19],"tags":[3429,3486,198,47,146,61],"class_list":["post-25887","post","type-post","status-publish","format-standard","has-post-thumbnail","hentry","category-destaques","category-noticias2","category-politica","category-regiao","category-ribeira-do-pombal","category-saude","tag-coronavirus","tag-covid-19","tag-prefeito","tag-ribeira-do-pombal","tag-ricardo-maia","tag-saude"],"aioseo_notices":[],"_links":{"self":[{"href":"https:\/\/www.portalalerta.com.br\/index.php\/wp-json\/wp\/v2\/posts\/25887","targetHints":{"allow":["GET"]}}],"collection":[{"href":"https:\/\/www.portalalerta.com.br\/index.php\/wp-json\/wp\/v2\/posts"}],"about":[{"href":"https:\/\/www.portalalerta.com.br\/index.php\/wp-json\/wp\/v2\/types\/post"}],"author":[{"embeddable":true,"href":"https:\/\/www.portalalerta.com.br\/index.php\/wp-json\/wp\/v2\/users\/2"}],"replies":[{"embeddable":true,"href":"https:\/\/www.portalalerta.com.br\/index.php\/wp-json\/wp\/v2\/comments?post=25887"}],"version-history":[{"count":1,"href":"https:\/\/www.portalalerta.com.br\/index.php\/wp-json\/wp\/v2\/posts\/25887\/revisions"}],"predecessor-version":[{"id":25888,"href":"https:\/\/www.portalalerta.com.br\/index.php\/wp-json\/wp\/v2\/posts\/25887\/revisions\/25888"}],"wp:featuredmedia":[{"embeddable":true,"href":"https:\/\/www.portalalerta.com.br\/index.php\/wp-json\/wp\/v2\/media\/23430"}],"wp:attachment":[{"href":"https:\/\/www.portalalerta.com.br\/index.php\/wp-json\/wp\/v2\/media?parent=25887"}],"wp:term":[{"taxonomy":"category","embeddable":true,"href":"https:\/\/www.portalalerta.com.br\/index.php\/wp-json\/wp\/v2\/categories?post=25887"},{"taxonomy":"post_tag","embeddable":true,"href":"https:\/\/www.portalalerta.com.br\/index.php\/wp-json\/wp\/v2\/tags?post=25887"}],"curies":[{"name":"wp","href":"https:\/\/api.w.org\/{rel}","templated":true}]}}