{"id":25904,"date":"2020-06-24T16:27:35","date_gmt":"2020-06-24T19:27:35","guid":{"rendered":"https:\/\/www.portalalerta.com.br\/?p=25904"},"modified":"2020-06-24T16:27:35","modified_gmt":"2020-06-24T19:27:35","slug":"decreto-e-prorrogado-e-determina-lockdown-por-5-dias-em-ribeira-do-pombal-ba","status":"publish","type":"post","link":"https:\/\/www.portalalerta.com.br\/index.php\/2020\/06\/24\/decreto-e-prorrogado-e-determina-lockdown-por-5-dias-em-ribeira-do-pombal-ba\/","title":{"rendered":"Decreto \u00e9 prorrogado e determina \u2018lockdown\u2019 por 5 dias, em Ribeira do Pombal-BA"},"content":{"rendered":"<p style=\"text-align: justify;\">Em decreto assinado na ter\u00e7a-feira, 23, o Prefeito de Ribeira do Pombal-BA, Ricardo Maia, \u00a0que \u2018disp\u00f5e sobre a suspens\u00e3o de atividades na sede do munic\u00edpio e do Distrito da Vila Rodrigues, visando a conten\u00e7\u00e3o do avan\u00e7o do coronav\u00edrus- COVID-19\u2033.<!--more--><\/p>\n<p style=\"text-align: justify;\">Durante a validade do mesmo s\u00f3 v\u00e3o funcionar \u201cservi\u00e7os de urg\u00eancias e emerg\u00eancias de sa\u00fade, inclusive veterin\u00e1ria; farm\u00e1cias; postos de combust\u00edveis; funer\u00e1rias; servi\u00e7os p\u00fablicos municipais. Fica proibida em toda a \u00e1rea da sede do Munic\u00edpio de Ribeira do Pombal e no Distrito da Vila Rodrigues, a partir de 00:00h do dia 26 de junho at\u00e9 as 05:00hs de 1\u00ba de julho 2020, a circula\u00e7\u00e3o de ve\u00edculos e de pessoas, salvo por motivo de for\u00e7a maior, em alguma situa\u00e7\u00f5es\u201d Foram estipuladas multas pecuni\u00e1rias para os infratores.<\/p>\n<p style=\"text-align: justify;\"><img fetchpriority=\"high\" decoding=\"async\" class=\"size-thumbnail wp-image-4869 aligncenter\" src=\"https:\/\/www.portalalerta.com.br\/wp-content\/uploads\/2018\/02\/Auto-Escola-Nobre-720x181.jpg\" alt=\"\" width=\"720\" height=\"181\" srcset=\"https:\/\/www.portalalerta.com.br\/wp-content\/uploads\/2018\/02\/Auto-Escola-Nobre.jpg 720w, https:\/\/www.portalalerta.com.br\/wp-content\/uploads\/2018\/02\/Auto-Escola-Nobre-260x65.jpg 260w, https:\/\/www.portalalerta.com.br\/wp-content\/uploads\/2018\/02\/Auto-Escola-Nobre-50x13.jpg 50w, https:\/\/www.portalalerta.com.br\/wp-content\/uploads\/2018\/02\/Auto-Escola-Nobre-150x38.jpg 150w\" sizes=\"(max-width: 720px) 100vw, 720px\" \/>No decreto constam diversas outras recomenda\u00e7\u00f5es a serem seguidas pela popula\u00e7\u00e3o. Para maiores detalhes acesse o DO da PMRP de 23 de junho 2020. O decreto anterior foi prorrogado por dois dias, 24 e 25 de junho 2020. A feira livre de quinta e sexta-feira, 25 e 26 de junho, foi suspensa, como tamb\u00e9m a de animais e de confec\u00e7\u00f5es.<\/p>\n<p style=\"text-align: justify;\"><a href=\"http:\/\/doem.org.br\/ba\/ribeiradopombal\"><strong>Confira aqui o Decreto na \u00edntegra!<\/strong><\/a><\/p>\n<p style=\"text-align: justify;\"><em>Fonte: R\u00e1dio Povo <\/em><\/p>\n<p style=\"text-align: justify;\"><em>Com informa\u00e7\u00f5es: Joilson Costa<\/em><\/p>\n","protected":false},"excerpt":{"rendered":"<p>Em decreto assinado na ter\u00e7a-feira, 23, o Prefeito de Ribeira do Pombal-BA, Ricardo Maia, \u00a0que \u2018disp\u00f5e sobre a suspens\u00e3o de atividades na sede do munic\u00edpio e do Distrito da Vila Rodrigues, visando a conten\u00e7\u00e3o do avan\u00e7o do coronav\u00edrus- COVID-19\u2033.<\/p>\n","protected":false},"author":2,"featured_media":23116,"comment_status":"open","ping_status":"open","sticky":false,"template":"","format":"standard","meta":{"om_disable_all_campaigns":false,"_monsterinsights_skip_tracking":false,"_monsterinsights_sitenote_active":false,"_monsterinsights_sitenote_note":"","_monsterinsights_sitenote_category":0,"footnotes":""},"categories":[70,69,21,32,3,19],"tags":[3429,3486,2991,3627,47,61],"class_list":["post-25904","post","type-post","status-publish","format-standard","has-post-thumbnail","hentry","category-destaques","category-noticias2","category-politica","category-regiao","category-ribeira-do-pombal","category-saude","tag-coronavirus","tag-covid-19","tag-decreto-municipal","tag-lockdown","tag-ribeira-do-pombal","tag-saude"],"aioseo_notices":[],"_links":{"self":[{"href":"https:\/\/www.portalalerta.com.br\/index.php\/wp-json\/wp\/v2\/posts\/25904","targetHints":{"allow":["GET"]}}],"collection":[{"href":"https:\/\/www.portalalerta.com.br\/index.php\/wp-json\/wp\/v2\/posts"}],"about":[{"href":"https:\/\/www.portalalerta.com.br\/index.php\/wp-json\/wp\/v2\/types\/post"}],"author":[{"embeddable":true,"href":"https:\/\/www.portalalerta.com.br\/index.php\/wp-json\/wp\/v2\/users\/2"}],"replies":[{"embeddable":true,"href":"https:\/\/www.portalalerta.com.br\/index.php\/wp-json\/wp\/v2\/comments?post=25904"}],"version-history":[{"count":1,"href":"https:\/\/www.portalalerta.com.br\/index.php\/wp-json\/wp\/v2\/posts\/25904\/revisions"}],"predecessor-version":[{"id":25905,"href":"https:\/\/www.portalalerta.com.br\/index.php\/wp-json\/wp\/v2\/posts\/25904\/revisions\/25905"}],"wp:featuredmedia":[{"embeddable":true,"href":"https:\/\/www.portalalerta.com.br\/index.php\/wp-json\/wp\/v2\/media\/23116"}],"wp:attachment":[{"href":"https:\/\/www.portalalerta.com.br\/index.php\/wp-json\/wp\/v2\/media?parent=25904"}],"wp:term":[{"taxonomy":"category","embeddable":true,"href":"https:\/\/www.portalalerta.com.br\/index.php\/wp-json\/wp\/v2\/categories?post=25904"},{"taxonomy":"post_tag","embeddable":true,"href":"https:\/\/www.portalalerta.com.br\/index.php\/wp-json\/wp\/v2\/tags?post=25904"}],"curies":[{"name":"wp","href":"https:\/\/api.w.org\/{rel}","templated":true}]}}