{"id":26,"date":"2017-10-17T14:11:33","date_gmt":"2017-10-17T16:11:33","guid":{"rendered":"http:\/\/www.portalalerta.com.br\/?p=26"},"modified":"2017-11-27T22:19:23","modified_gmt":"2017-11-28T00:19:23","slug":"pm-apreende-menor-que-matou-mulher-ao-lado-do-filho-em-paulo-afonso-nao-pagou-a-droga","status":"publish","type":"post","link":"https:\/\/www.portalalerta.com.br\/index.php\/2017\/10\/17\/pm-apreende-menor-que-matou-mulher-ao-lado-do-filho-em-paulo-afonso-nao-pagou-a-droga\/","title":{"rendered":"PM Apreende Menor Que Matou Mulher Ao Lado Do Filho Em Paulo Afonso: \u2018N\u00e3o Pagou A Droga\u201d"},"content":{"rendered":"<div class=\"itemIntroText\">\n<p>Arma utilizada para matar Geruza, segundo a pol\u00edcia. (Foto: 20\u00ba BPM \u2013 Paulo Afonso)<\/p>\n<\/div>\n<div class=\"itemFullText\">\n<p>No final da manh\u00e3 desta quinta-feira (12), policiais militares apreenderam um menor de 17 anos e 11 meses, acusado de matar na noite de ter\u00e7a-feira (11), a senhora Geruza Maria de Oliveira, 34 anos, no Bairro PA IV.<\/p>\n<p>Segundo relato da pol\u00edcia, no momento em que foi assassinada, \u201cGeruza estava dormindo com o seu filho pequeno quando o acusado se aproximou e desferiu um tiro em sua cabe\u00e7a\u201d.<\/p>\n<p>Ap\u00f3s o crime, a pol\u00edcia fez v\u00e1rias dilig\u00eancias, e hoje, por meio de den\u00fancia an\u00f4nima, o adolescente foi encontrado no bairro Benone Resende.<\/p>\n<\/div>\n<p><img decoding=\"async\" class=\"aligncenter\" src=\"http:\/\/pombalalerta.com.br\/images\/realcalcadosn.jpg\" border=\"0\" \/><\/p>\n<div class=\"itemFullText\">\n<p>Ainda segundo informa\u00e7\u00f5es da pol\u00edcia, ao ser detido, \u201co garoto confessou que havia matado a mulher porque ela n\u00e3o pagou a droga que havia lhe vendido. O acusado acabou confessando tamb\u00e9m o paradeiro da arma utilizada no crime, que estava escondida em sua resid\u00eancia\u201d.<\/p>\n<p>Com a arma apreendida e a sua confiss\u00e3o, o acusado foi levado para a Delegacia de Pol\u00edcia Civil onde foi flagranteado.<\/p>\n<p><em>Fonte: Ozildo Alves<\/em><\/p>\n<\/div>\n","protected":false},"excerpt":{"rendered":"<p>Arma utilizada para matar Geruza, segundo a pol\u00edcia. (Foto: 20\u00ba BPM \u2013 Paulo Afonso) No final da manh\u00e3 desta quinta-feira (12), policiais militares apreenderam um menor de 17 anos e 11 meses, acusado de matar na noite de ter\u00e7a-feira (11), a senhora Geruza Maria de Oliveira, 34 anos, no Bairro PA IV. Segundo relato da &hellip;<\/p>\n","protected":false},"author":1,"featured_media":2864,"comment_status":"open","ping_status":"open","sticky":false,"template":"","format":"standard","meta":{"om_disable_all_campaigns":false,"_monsterinsights_skip_tracking":false,"_monsterinsights_sitenote_active":false,"_monsterinsights_sitenote_note":"","_monsterinsights_sitenote_category":0,"footnotes":""},"categories":[33],"tags":[],"class_list":["post-26","post","type-post","status-publish","format-standard","has-post-thumbnail","hentry","category-bahia"],"aioseo_notices":[],"_links":{"self":[{"href":"https:\/\/www.portalalerta.com.br\/index.php\/wp-json\/wp\/v2\/posts\/26","targetHints":{"allow":["GET"]}}],"collection":[{"href":"https:\/\/www.portalalerta.com.br\/index.php\/wp-json\/wp\/v2\/posts"}],"about":[{"href":"https:\/\/www.portalalerta.com.br\/index.php\/wp-json\/wp\/v2\/types\/post"}],"author":[{"embeddable":true,"href":"https:\/\/www.portalalerta.com.br\/index.php\/wp-json\/wp\/v2\/users\/1"}],"replies":[{"embeddable":true,"href":"https:\/\/www.portalalerta.com.br\/index.php\/wp-json\/wp\/v2\/comments?post=26"}],"version-history":[{"count":0,"href":"https:\/\/www.portalalerta.com.br\/index.php\/wp-json\/wp\/v2\/posts\/26\/revisions"}],"wp:featuredmedia":[{"embeddable":true,"href":"https:\/\/www.portalalerta.com.br\/index.php\/wp-json\/wp\/v2\/media\/2864"}],"wp:attachment":[{"href":"https:\/\/www.portalalerta.com.br\/index.php\/wp-json\/wp\/v2\/media?parent=26"}],"wp:term":[{"taxonomy":"category","embeddable":true,"href":"https:\/\/www.portalalerta.com.br\/index.php\/wp-json\/wp\/v2\/categories?post=26"},{"taxonomy":"post_tag","embeddable":true,"href":"https:\/\/www.portalalerta.com.br\/index.php\/wp-json\/wp\/v2\/tags?post=26"}],"curies":[{"name":"wp","href":"https:\/\/api.w.org\/{rel}","templated":true}]}}