{"id":26293,"date":"2020-06-30T23:14:22","date_gmt":"2020-07-01T02:14:22","guid":{"rendered":"https:\/\/www.portalalerta.com.br\/?p=26293"},"modified":"2020-06-30T23:20:43","modified_gmt":"2020-07-01T02:20:43","slug":"ribeira-do-pombal-ba-registra-21-novos-casos-de-covid-19-num-unico-dia","status":"publish","type":"post","link":"https:\/\/www.portalalerta.com.br\/index.php\/2020\/06\/30\/ribeira-do-pombal-ba-registra-21-novos-casos-de-covid-19-num-unico-dia\/","title":{"rendered":"Ribeira do Pombal-BA registra 21 novos casos de Covid-19, num \u00fanico dia"},"content":{"rendered":"<p style=\"text-align: justify;\">O \u00faltimo Boletim Epidemiol\u00f3gico divulgado nesta ter\u00e7a-feira, 30, confirmou 21 novos casos de Covid-19 (Coronav\u00edrus) em Ribeira do Pombal-BA. De acordo com um v\u00eddeo publicado pela Secret\u00e1ria Lakcelma Costa, a maioria dos infectados tiveram contato direto com pacientes diagnosticados anteriormente.<!--more--><\/p>\n<p style=\"text-align: justify;\"><img fetchpriority=\"high\" decoding=\"async\" class=\"size-thumbnail wp-image-4869 aligncenter\" src=\"https:\/\/www.portalalerta.com.br\/wp-content\/uploads\/2018\/02\/Auto-Escola-Nobre-720x181.jpg\" alt=\"\" width=\"720\" height=\"181\" srcset=\"https:\/\/www.portalalerta.com.br\/wp-content\/uploads\/2018\/02\/Auto-Escola-Nobre.jpg 720w, https:\/\/www.portalalerta.com.br\/wp-content\/uploads\/2018\/02\/Auto-Escola-Nobre-260x65.jpg 260w, https:\/\/www.portalalerta.com.br\/wp-content\/uploads\/2018\/02\/Auto-Escola-Nobre-50x13.jpg 50w, https:\/\/www.portalalerta.com.br\/wp-content\/uploads\/2018\/02\/Auto-Escola-Nobre-150x38.jpg 150w\" sizes=\"(max-width: 720px) 100vw, 720px\" \/>Tamb\u00e9m nesta ter\u00e7a-feira, se tornou de conhecimento p\u00fablico, a infec\u00e7\u00f5es do m\u00e9dico que atua no Hospital Geral Santa Tereza, Dr. Murilo Matos, e do diretor da Unidade, Danilo Matos.<\/p>\n<p style=\"text-align: justify;\"><img decoding=\"async\" class=\"aligncenter wp-image-26294 size-full\" src=\"https:\/\/www.portalalerta.com.br\/wp-content\/uploads\/2020\/06\/Coronav\u00edrus-em-Ribeira-do-Pombal-2020.1.jpg\" alt=\"\" width=\"720\" height=\"425\" srcset=\"https:\/\/www.portalalerta.com.br\/wp-content\/uploads\/2020\/06\/Coronav\u00edrus-em-Ribeira-do-Pombal-2020.1.jpg 720w, https:\/\/www.portalalerta.com.br\/wp-content\/uploads\/2020\/06\/Coronav\u00edrus-em-Ribeira-do-Pombal-2020.1-407x240.jpg 407w, https:\/\/www.portalalerta.com.br\/wp-content\/uploads\/2020\/06\/Coronav\u00edrus-em-Ribeira-do-Pombal-2020.1-247x146.jpg 247w, https:\/\/www.portalalerta.com.br\/wp-content\/uploads\/2020\/06\/Coronav\u00edrus-em-Ribeira-do-Pombal-2020.1-50x30.jpg 50w, https:\/\/www.portalalerta.com.br\/wp-content\/uploads\/2020\/06\/Coronav\u00edrus-em-Ribeira-do-Pombal-2020.1-127x75.jpg 127w\" sizes=\"(max-width: 720px) 100vw, 720px\" \/>Desta forma, o munic\u00edpio, chegou ao n\u00famero de 121 infectados. Destes 78 est\u00e3o ativos (64%), 42 curados (35%), e 01 \u00f3bito (1%).<\/p>\n<p><iframe title=\"Ribeira do Pombal-BA confirma 21 casos de Covid-19 num \u00fanico dia\" width=\"500\" height=\"281\" src=\"https:\/\/www.youtube.com\/embed\/QHCJqdjdMDk?feature=oembed\" frameborder=\"0\" allow=\"accelerometer; autoplay; clipboard-write; encrypted-media; gyroscope; picture-in-picture; web-share\" referrerpolicy=\"strict-origin-when-cross-origin\" allowfullscreen><\/iframe><\/p>\n<p style=\"text-align: justify;\"><a href=\"https:\/\/www.portalalerta.com.br\/index.php\/2020\/05\/26\/saiba-como-esta-a-evolucao-do-covid-19-em-ribeira-do-pombal-ba\/\"><strong style=\"font-style: inherit;\">Clique aqui e saiba como est\u00e1 a evolu\u00e7\u00e3o do Covid-19 em Ribeira do Pombal-BA<\/strong><\/a><\/p>\n<p style=\"text-align: justify;\"><em style=\"font-weight: inherit;\">Reda\u00e7\u00e3o: Portal Alerta<\/em><\/p>\n<p style=\"text-align: justify;\"><em style=\"font-weight: inherit;\"><strong>#fiqueemcasa\u00a0\u00a0\u00a0\u00a0<\/strong><\/em><\/p>\n<p style=\"text-align: justify;\"><em style=\"font-weight: inherit;\"><strong>#usemascaras<\/strong><\/em><\/p>\n","protected":false},"excerpt":{"rendered":"<p>O \u00faltimo Boletim Epidemiol\u00f3gico divulgado nesta ter\u00e7a-feira, 30, confirmou 21 novos casos de Covid-19 (Coronav\u00edrus) em Ribeira do Pombal-BA. De acordo com um v\u00eddeo publicado pela Secret\u00e1ria Lakcelma Costa, a maioria dos infectados tiveram contato direto com pacientes diagnosticados anteriormente.<\/p>\n","protected":false},"author":2,"featured_media":24118,"comment_status":"open","ping_status":"open","sticky":false,"template":"","format":"standard","meta":{"om_disable_all_campaigns":false,"_monsterinsights_skip_tracking":false,"_monsterinsights_sitenote_active":false,"_monsterinsights_sitenote_note":"","_monsterinsights_sitenote_category":0,"footnotes":""},"categories":[70,69,32,3,19,68],"tags":[3344,3486,47,61,29],"class_list":["post-26293","post","type-post","status-publish","format-standard","has-post-thumbnail","hentry","category-destaques","category-noticias2","category-regiao","category-ribeira-do-pombal","category-saude","category-videos","tag-corona-virus","tag-covid-19","tag-ribeira-do-pombal","tag-saude","tag-video"],"aioseo_notices":[],"_links":{"self":[{"href":"https:\/\/www.portalalerta.com.br\/index.php\/wp-json\/wp\/v2\/posts\/26293","targetHints":{"allow":["GET"]}}],"collection":[{"href":"https:\/\/www.portalalerta.com.br\/index.php\/wp-json\/wp\/v2\/posts"}],"about":[{"href":"https:\/\/www.portalalerta.com.br\/index.php\/wp-json\/wp\/v2\/types\/post"}],"author":[{"embeddable":true,"href":"https:\/\/www.portalalerta.com.br\/index.php\/wp-json\/wp\/v2\/users\/2"}],"replies":[{"embeddable":true,"href":"https:\/\/www.portalalerta.com.br\/index.php\/wp-json\/wp\/v2\/comments?post=26293"}],"version-history":[{"count":2,"href":"https:\/\/www.portalalerta.com.br\/index.php\/wp-json\/wp\/v2\/posts\/26293\/revisions"}],"predecessor-version":[{"id":26296,"href":"https:\/\/www.portalalerta.com.br\/index.php\/wp-json\/wp\/v2\/posts\/26293\/revisions\/26296"}],"wp:featuredmedia":[{"embeddable":true,"href":"https:\/\/www.portalalerta.com.br\/index.php\/wp-json\/wp\/v2\/media\/24118"}],"wp:attachment":[{"href":"https:\/\/www.portalalerta.com.br\/index.php\/wp-json\/wp\/v2\/media?parent=26293"}],"wp:term":[{"taxonomy":"category","embeddable":true,"href":"https:\/\/www.portalalerta.com.br\/index.php\/wp-json\/wp\/v2\/categories?post=26293"},{"taxonomy":"post_tag","embeddable":true,"href":"https:\/\/www.portalalerta.com.br\/index.php\/wp-json\/wp\/v2\/tags?post=26293"}],"curies":[{"name":"wp","href":"https:\/\/api.w.org\/{rel}","templated":true}]}}