{"id":26306,"date":"2020-07-01T08:58:54","date_gmt":"2020-07-01T11:58:54","guid":{"rendered":"https:\/\/www.portalalerta.com.br\/?p=26306"},"modified":"2020-07-01T08:58:54","modified_gmt":"2020-07-01T11:58:54","slug":"pf-apura-desvio-na-compra-de-respiradores-no-amazonas","status":"publish","type":"post","link":"https:\/\/www.portalalerta.com.br\/index.php\/2020\/07\/01\/pf-apura-desvio-na-compra-de-respiradores-no-amazonas\/","title":{"rendered":"PF apura desvio na compra de respiradores no Amazonas"},"content":{"rendered":"<p style=\"text-align: justify;\">A Pol\u00edcia Federal (PF) cumpriu nesta ter\u00e7a-feira (30) no Amazonas 20 mandados de busca e apreens\u00e3o e oito de pris\u00e3o tempor\u00e1ria de investigados por fraude e superfaturamento nas a\u00e7\u00f5es de combate \u00e0 pandemia do novo coronav\u00edrus no estado. A a\u00e7\u00e3o investiga compras superfaturadas de respiradores, direcionamento na contrata\u00e7\u00e3o de empresa, lavagem de dinheiro e montagem de processos para encobrir os crimes que teriam sido praticados com a participa\u00e7\u00e3o direta do governador do estado, Wilson Lima (PSC).<!--more--><\/p>\n<p style=\"text-align: justify;\">As medidas foram determinadas pelo ministro Francisco Falc\u00e3o, do Superior Tribunal de Justi\u00e7a (STJ), e incluem o bloqueio de bens no valor R$ 2,976 milh\u00f5es, de 13 pessoas f\u00edsicas e jur\u00eddicas.<\/p>\n<p style=\"text-align: justify;\"><img fetchpriority=\"high\" decoding=\"async\" class=\"size-thumbnail wp-image-25012 aligncenter\" src=\"https:\/\/www.portalalerta.com.br\/wp-content\/uploads\/2020\/06\/real-acordo.1-720x92.jpg\" alt=\"\" width=\"720\" height=\"92\" \/>No esquema identificado pelo Minist\u00e9rio P\u00fablico Federal (MPF) e pela PF, o governo do estado comprou, com dispensa de licita\u00e7\u00e3o, 28 respiradores de por meio de uma importadora de vinhos. Nesse contrato a suspeita de superfaturamento \u00e9 de R$ 496 mil. Os equipamentos vendidos pela importadora foram adquiridos de uma empresa fornecedora de equipamentos de sa\u00fade por R$ 2,480 milh\u00f5es e revendidos, no mesmo dia, por R$ 2,976 milh\u00f5es ao estado.<\/p>\n<p style=\"text-align: justify;\">\u201cOs fatos il\u00edcitos investigados t\u00eam sido praticados sob o comando e orienta\u00e7\u00e3o do governador do estado do Amazonas, Wilson Lima, o qual det\u00e9m o dom\u00ednio completo e final n\u00e3o apenas dos atos relativos \u00e0 aquisi\u00e7\u00e3o de respiradores para enfrentamento da pandemia, mas tamb\u00e9m de todas as demais a\u00e7\u00f5es governamentais relacionadas \u00e0 quest\u00e3o&#8221;, afirma a subprocuradora-geral da Rep\u00fablica, Lind\u00f4ra Ara\u00fajo, em nota publicada hoje pelo MPF.<\/p>\n<p style=\"text-align: justify;\">At\u00e9 o fechamento desta reportagem o governo do Amazonas ainda n\u00e3o havia se pronunciado sobre a investiga\u00e7\u00e3o.<\/p>\n<p style=\"text-align: justify;\"><em>Fonte: Ag\u00eancia Brasil<\/em><\/p>\n","protected":false},"excerpt":{"rendered":"<p>A Pol\u00edcia Federal (PF) cumpriu nesta ter\u00e7a-feira (30) no Amazonas 20 mandados de busca e apreens\u00e3o e oito de pris\u00e3o tempor\u00e1ria de investigados por fraude e superfaturamento nas a\u00e7\u00f5es de combate \u00e0 pandemia do novo coronav\u00edrus no estado. A a\u00e7\u00e3o investiga compras superfaturadas de respiradores, direcionamento na contrata\u00e7\u00e3o de empresa, lavagem de dinheiro e montagem &hellip;<\/p>\n","protected":false},"author":2,"featured_media":23264,"comment_status":"open","ping_status":"open","sticky":false,"template":"","format":"standard","meta":{"om_disable_all_campaigns":false,"_monsterinsights_skip_tracking":false,"_monsterinsights_sitenote_active":false,"_monsterinsights_sitenote_note":"","_monsterinsights_sitenote_category":0,"footnotes":""},"categories":[34,70,69,21,19],"tags":[269,93,3429,3486,2350,173,3572,61],"class_list":["post-26306","post","type-post","status-publish","format-standard","has-post-thumbnail","hentry","category-brasil","category-destaques","category-noticias2","category-politica","category-saude","tag-amazonas","tag-brasil","tag-coronavirus","tag-covid-19","tag-fraudes","tag-policia-federal","tag-respiradores","tag-saude"],"aioseo_notices":[],"_links":{"self":[{"href":"https:\/\/www.portalalerta.com.br\/index.php\/wp-json\/wp\/v2\/posts\/26306","targetHints":{"allow":["GET"]}}],"collection":[{"href":"https:\/\/www.portalalerta.com.br\/index.php\/wp-json\/wp\/v2\/posts"}],"about":[{"href":"https:\/\/www.portalalerta.com.br\/index.php\/wp-json\/wp\/v2\/types\/post"}],"author":[{"embeddable":true,"href":"https:\/\/www.portalalerta.com.br\/index.php\/wp-json\/wp\/v2\/users\/2"}],"replies":[{"embeddable":true,"href":"https:\/\/www.portalalerta.com.br\/index.php\/wp-json\/wp\/v2\/comments?post=26306"}],"version-history":[{"count":1,"href":"https:\/\/www.portalalerta.com.br\/index.php\/wp-json\/wp\/v2\/posts\/26306\/revisions"}],"predecessor-version":[{"id":26307,"href":"https:\/\/www.portalalerta.com.br\/index.php\/wp-json\/wp\/v2\/posts\/26306\/revisions\/26307"}],"wp:featuredmedia":[{"embeddable":true,"href":"https:\/\/www.portalalerta.com.br\/index.php\/wp-json\/wp\/v2\/media\/23264"}],"wp:attachment":[{"href":"https:\/\/www.portalalerta.com.br\/index.php\/wp-json\/wp\/v2\/media?parent=26306"}],"wp:term":[{"taxonomy":"category","embeddable":true,"href":"https:\/\/www.portalalerta.com.br\/index.php\/wp-json\/wp\/v2\/categories?post=26306"},{"taxonomy":"post_tag","embeddable":true,"href":"https:\/\/www.portalalerta.com.br\/index.php\/wp-json\/wp\/v2\/tags?post=26306"}],"curies":[{"name":"wp","href":"https:\/\/api.w.org\/{rel}","templated":true}]}}