{"id":26308,"date":"2020-07-01T09:03:44","date_gmt":"2020-07-01T12:03:44","guid":{"rendered":"https:\/\/www.portalalerta.com.br\/?p=26308"},"modified":"2020-07-01T09:03:44","modified_gmt":"2020-07-01T12:03:44","slug":"apos-termino-de-lockdown-comercio-sera-reaberto-gradativamente-em-ribeira-do-pombal-ba","status":"publish","type":"post","link":"https:\/\/www.portalalerta.com.br\/index.php\/2020\/07\/01\/apos-termino-de-lockdown-comercio-sera-reaberto-gradativamente-em-ribeira-do-pombal-ba\/","title":{"rendered":"Ap\u00f3s t\u00e9rmino de Lockdown, com\u00e9rcio ser\u00e1 reaberto gradativamente em Ribeira do Pombal-BA"},"content":{"rendered":"<p style=\"text-align: justify;\">Terminou \u00e0s 05:00hs desta quarta-feira, 1\u00ba, o regime de Lockdown adotado pelo munic\u00edpio de Ribeira do Pombal-BA, atrav\u00e9s de Decreto Municipal. Desde \u00e0 00:00h de sexta-feira, 26, a cidade restringiu o fluxo de pessoas nos principais acessos, al\u00e9m de determinar o fechamento parcial do com\u00e9rcio local. Neste per\u00edodo \u00a0Ribeira do Pombal-BA liderou os \u00edndices de isolamento social em todo o Estado.<!--more--><\/p>\n<p style=\"text-align: justify;\">Antes mesmo do t\u00e9rmino do Lockdown, o prefeito Ricardo Maia publicou no Di\u00e1rio Oficial do Munic\u00edpio, o Decreto N\u00ba 053 de 30 de junho de 2020, com o plano de reabertura do com\u00e9rcio e servi\u00e7os da cidade. Al\u00e9m do plano em quest\u00e3o, o documento que tem 20 p\u00e1ginas, tamb\u00e9m divulgou anexos, com regras a serem seguidas por clientes e empres\u00e1rios.<\/p>\n<p style=\"text-align: justify;\"><img fetchpriority=\"high\" decoding=\"async\" class=\"size-thumbnail wp-image-9394 alignleft\" src=\"https:\/\/www.portalalerta.com.br\/wp-content\/uploads\/2018\/07\/05elab-320x240.jpg\" alt=\"\" width=\"320\" height=\"240\" srcset=\"https:\/\/www.portalalerta.com.br\/wp-content\/uploads\/2018\/07\/05elab-320x240.jpg 320w, https:\/\/www.portalalerta.com.br\/wp-content\/uploads\/2018\/07\/05elab-195x146.jpg 195w, https:\/\/www.portalalerta.com.br\/wp-content\/uploads\/2018\/07\/05elab-50x38.jpg 50w, https:\/\/www.portalalerta.com.br\/wp-content\/uploads\/2018\/07\/05elab-100x75.jpg 100w, https:\/\/www.portalalerta.com.br\/wp-content\/uploads\/2018\/07\/05elab.jpg 400w\" sizes=\"(max-width: 320px) 100vw, 320px\" \/>O plano de reabertura se divide em tr\u00eas etapas, onde a primeira prev\u00ea a partir desta quarta-feira, 1\u00ba, a reabertura de: mercados e supermercados; farm\u00e1cias; Postos de Combust\u00edveis, distribuidoras de \u00e1gua e g\u00e1s; Bancos e Lot\u00e9ricas; a\u00e7ougues, padarias, cerealistas e verdur\u00f5es; casas de produtos veterin\u00e1rios; cl\u00ednicas m\u00e9dicas, odontol\u00f3gicas e veterin\u00e1rias; ambulantes; autope\u00e7as, borracharias, oficinas, provedores e internet, Coelba e Embasa. Estes estabelecimentos poder\u00e3o ser abertos ao p\u00fablico das 06:00hs \u00e0s 22:00hs.<\/p>\n<p style=\"text-align: justify;\">Tamb\u00e9m nesta primeira etapa poder\u00e3o funcionar de portas fechadas na modalidade Delivery, sem retirada na porta: com\u00e9rcio varejistas; lojas de material de constru\u00e7\u00f5es; Centros de Distribui\u00e7\u00e3o.<\/p>\n<p style=\"text-align: justify;\">J\u00e1 os bares, restaurantes, lanchonetes, e Food Trucks poder\u00e3o funcionar na modalidade Delivery, ou retirada na porta. Quanto aos escrit\u00f3rios e est\u00fadios fotogr\u00e1ficos, poder\u00e3o ter atendimento interno individualizado com hora marcada.<\/p>\n<p style=\"text-align: justify;\">As etapas seguintes ser\u00e3o condicionadas \u00e0 evolu\u00e7\u00e3o da Covid-19 no munic\u00edpio. Al\u00e9m disso, o decreto prev\u00ea a implanta\u00e7\u00e3o de Lockdown aos finais de semana. <a href=\"http:\/\/doem.org.br\/ba\/ribeiradopombal\"><strong>Confira aqui o documento na \u00edntegra!<\/strong><\/a><\/p>\n<p style=\"text-align: justify;\"><a href=\"https:\/\/www.portalalerta.com.br\/index.php\/2020\/05\/26\/saiba-como-esta-a-evolucao-do-covid-19-em-ribeira-do-pombal-ba\/\"><strong style=\"font-style: inherit;\">Clique aqui e saiba como est\u00e1 a evolu\u00e7\u00e3o do Covid-19 em Ribeira do Pombal-BA<\/strong><\/a><\/p>\n<p style=\"text-align: justify;\"><em style=\"font-weight: inherit;\">Reda\u00e7\u00e3o: Portal Alerta<\/em><\/p>\n<p style=\"text-align: justify;\"><strong style=\"font-style: inherit;\"><em>#fiqueemcasa\u00a0\u00a0\u00a0\u00a0<\/em><\/strong><\/p>\n<p style=\"text-align: justify;\"><strong style=\"font-style: inherit;\"><em>#usemascaras<\/em><\/strong><\/p>\n","protected":false},"excerpt":{"rendered":"<p>Terminou \u00e0s 05:00hs desta quarta-feira, 1\u00ba, o regime de Lockdown adotado pelo munic\u00edpio de Ribeira do Pombal-BA, atrav\u00e9s de Decreto Municipal. Desde \u00e0 00:00h de sexta-feira, 26, a cidade restringiu o fluxo de pessoas nos principais acessos, al\u00e9m de determinar o fechamento parcial do com\u00e9rcio local. Neste per\u00edodo \u00a0Ribeira do Pombal-BA liderou os \u00edndices de &hellip;<\/p>\n","protected":false},"author":2,"featured_media":22740,"comment_status":"open","ping_status":"open","sticky":false,"template":"","format":"standard","meta":{"om_disable_all_campaigns":false,"_monsterinsights_skip_tracking":false,"_monsterinsights_sitenote_active":false,"_monsterinsights_sitenote_note":"","_monsterinsights_sitenote_category":0,"footnotes":""},"categories":[70,69,32,3,19],"tags":[3429,3486,2991,108,3627,47,61],"class_list":["post-26308","post","type-post","status-publish","format-standard","has-post-thumbnail","hentry","category-destaques","category-noticias2","category-regiao","category-ribeira-do-pombal","category-saude","tag-coronavirus","tag-covid-19","tag-decreto-municipal","tag-estabelecimento-comercial","tag-lockdown","tag-ribeira-do-pombal","tag-saude"],"aioseo_notices":[],"_links":{"self":[{"href":"https:\/\/www.portalalerta.com.br\/index.php\/wp-json\/wp\/v2\/posts\/26308","targetHints":{"allow":["GET"]}}],"collection":[{"href":"https:\/\/www.portalalerta.com.br\/index.php\/wp-json\/wp\/v2\/posts"}],"about":[{"href":"https:\/\/www.portalalerta.com.br\/index.php\/wp-json\/wp\/v2\/types\/post"}],"author":[{"embeddable":true,"href":"https:\/\/www.portalalerta.com.br\/index.php\/wp-json\/wp\/v2\/users\/2"}],"replies":[{"embeddable":true,"href":"https:\/\/www.portalalerta.com.br\/index.php\/wp-json\/wp\/v2\/comments?post=26308"}],"version-history":[{"count":2,"href":"https:\/\/www.portalalerta.com.br\/index.php\/wp-json\/wp\/v2\/posts\/26308\/revisions"}],"predecessor-version":[{"id":26314,"href":"https:\/\/www.portalalerta.com.br\/index.php\/wp-json\/wp\/v2\/posts\/26308\/revisions\/26314"}],"wp:featuredmedia":[{"embeddable":true,"href":"https:\/\/www.portalalerta.com.br\/index.php\/wp-json\/wp\/v2\/media\/22740"}],"wp:attachment":[{"href":"https:\/\/www.portalalerta.com.br\/index.php\/wp-json\/wp\/v2\/media?parent=26308"}],"wp:term":[{"taxonomy":"category","embeddable":true,"href":"https:\/\/www.portalalerta.com.br\/index.php\/wp-json\/wp\/v2\/categories?post=26308"},{"taxonomy":"post_tag","embeddable":true,"href":"https:\/\/www.portalalerta.com.br\/index.php\/wp-json\/wp\/v2\/tags?post=26308"}],"curies":[{"name":"wp","href":"https:\/\/api.w.org\/{rel}","templated":true}]}}