{"id":26310,"date":"2020-07-01T15:13:16","date_gmt":"2020-07-01T18:13:16","guid":{"rendered":"https:\/\/www.portalalerta.com.br\/?p=26310"},"modified":"2020-07-01T15:13:16","modified_gmt":"2020-07-01T18:13:16","slug":"carlos-alberto-decotelli-pede-demissao-do-mec","status":"publish","type":"post","link":"https:\/\/www.portalalerta.com.br\/index.php\/2020\/07\/01\/carlos-alberto-decotelli-pede-demissao-do-mec\/","title":{"rendered":"Carlos Alberto Decotelli pede demiss\u00e3o do MEC"},"content":{"rendered":"<p style=\"text-align: justify;\">O novo ministro da Educa\u00e7\u00e3o,\u00a0Carlos Alberto Decotelli, pediu demiss\u00e3o do cargo ap\u00f3s 5 dias do an\u00fancio feito pelo\u00a0presidente Jair Bolsonaro\u00a0(sem partido) de sua escolha para comandar o MEC (Minist\u00e9rio da Educa\u00e7\u00e3o), feita na quinta-feira (25) da semana passada.<!--more--><\/p>\n<p style=\"text-align: justify;\">O motivo de sua sa\u00edda, oficializada nesta ter\u00e7a-feira (30), foi o desgaste sofrido por conta dos erros e inconsist\u00eancias presentes em seu curr\u00edculo.\u00a0Decotelli\u00a0&#8211; que havia sido nomeado, mas\u00a0n\u00e3o empossado\u00a0&#8211; entregou uma carta de demiss\u00e3o a Bolsonaro. O pr\u00f3prio\u00a0presidente teria convencido\u00a0o agora ex-ministro a deixar o cargo.<\/p>\n<p style=\"text-align: justify;\">Bacharel em Ci\u00eancias Econ\u00f4micas pela UERJ (Universidade Estadual do Rio de Janeiro) e\u00a0ex-presidente do FNDE\u00a0(Fundo Nacional de Desenvolvimento da Educa\u00e7\u00e3o), Decotelli foi o nome escolhido para suceder\u00a0Abraham Weintraub, que pediu demiss\u00e3o\u00a0da pasta ap\u00f3s 14 meses no cargo ao ser indicado para um posto de diretor representante do Brasil no Banco Mundial.<\/p>\n<p style=\"text-align: justify;\">A escolha de Decotelli foi apadrinhada pelo almirante Fl\u00e1vio Rocha, assessor do presidente no Pal\u00e1cio do Planalto, e foi chancelada pela ala militar. No entanto, as falhas presentes em seu curr\u00edculo acabaram por descredenciar a escolha,\u00a0apontada como t\u00e9cnica\u00a0e n\u00e3o ideol\u00f3gica.<\/p>\n<p style=\"text-align: justify;\">O primeiro apontamento veio do reitor da Universidade Nacional de Rosario, na Argentina, onde Decotelli afirmou ter realizado o doutorado. O diretor Franco Bartolacci revelou que ele foi reprovado na defesa da tese e\u00a0n\u00e3o obteve o t\u00edtulo de doutor. H\u00e1 ainda sinais de pl\u00e1gio na sua disserta\u00e7\u00e3o de mestrado.<\/p>\n<p style=\"text-align: justify;\"><img fetchpriority=\"high\" decoding=\"async\" class=\"size-thumbnail wp-image-4869 aligncenter\" src=\"https:\/\/www.portalalerta.com.br\/wp-content\/uploads\/2018\/02\/Auto-Escola-Nobre-720x181.jpg\" alt=\"\" width=\"720\" height=\"181\" srcset=\"https:\/\/www.portalalerta.com.br\/wp-content\/uploads\/2018\/02\/Auto-Escola-Nobre.jpg 720w, https:\/\/www.portalalerta.com.br\/wp-content\/uploads\/2018\/02\/Auto-Escola-Nobre-260x65.jpg 260w, https:\/\/www.portalalerta.com.br\/wp-content\/uploads\/2018\/02\/Auto-Escola-Nobre-50x13.jpg 50w, https:\/\/www.portalalerta.com.br\/wp-content\/uploads\/2018\/02\/Auto-Escola-Nobre-150x38.jpg 150w\" sizes=\"(max-width: 720px) 100vw, 720px\" \/>O\u00a0t\u00edtulo de p\u00f3s-doutorado tamb\u00e9m foi contestado. De acordo com a professora da Universidade de Wuppertal, na Alemanha, Brigitte Wolf, Decotelli n\u00e3o obteve apoio de uma empresa alem\u00e3 para fazer a pesquisa de p\u00f3s-doutorado. Por isso, teria voltado para o Brasil para continuar a pesquisa aqui.<\/p>\n<p style=\"text-align: justify;\">Em nota divulgada na noite de segunda-feira (29), a Funda\u00e7\u00e3o Get\u00falio Vargas (FGV) negou que o economista tenha sido professor ou pesquisador da institui\u00e7\u00e3o. Ele teria atuado nos cursos de educa\u00e7\u00e3o continuada, nos programas de forma\u00e7\u00e3o de executivos e n\u00e3o como professor de qualquer das escolas da Funda\u00e7\u00e3o.<\/p>\n<p style=\"text-align: justify;\"><strong>ENCONTRO E EXPLICA\u00c7\u00d5ES<\/strong><\/p>\n<p style=\"text-align: justify;\">Na segunda, Decotelli encontrou-se com o presidente no final da tarde para dar explica\u00e7\u00f5es. Depois de se reunir com Bolsonaro, Decotelli havia confirmado aos jornalistas que &#8220;\u00e9 ministro&#8221; e que assumiria o cargo.<\/p>\n<p style=\"text-align: justify;\">Decotelli tentou justificar as inconsist\u00eancias encontradas em seu curr\u00edculo. Ele explicou que a banca avaliadora da universidade argentina solicitou &#8220;ajustes&#8221; na tese, mas que ele teve que voltar ao Brasil &#8220;devido a dificuldades financeiras&#8221; e n\u00e3o p\u00f4de retornar ao pa\u00eds para defend\u00ea-la.<\/p>\n<p style=\"text-align: justify;\">Sobre a acusa\u00e7\u00e3o de pl\u00e1gio no mestrado da FGV, Decotelli aceitou que poderia ter havido uma &#8220;distra\u00e7\u00e3o&#8221; (detalhando as fontes utilizadas), mas n\u00e3o pl\u00e1gio. &#8220;\u00c9 considerado pl\u00e1gio quando voc\u00ea &#8216;usa control C, control V&#8217;. E n\u00e3o foi isso&#8221;, argumentou.<\/p>\n<p style=\"text-align: justify;\">Segundo assessores, Bolsonaro teria ficado irritado com as controv\u00e9rsias. A omiss\u00e3o dos dados foi considerada uma quebra de confian\u00e7a, o que levou aliados tanto do presidente como do ministro a defenderem que ele pe\u00e7a demiss\u00e3o do cargo, evitando causar mais desgaste \u00e0 imagem do governo.<\/p>\n<p style=\"text-align: justify;\">Ainda na segunda, o presidente escreveu em rede social que \u201cDecotelli n\u00e3o pretende ser um problema para a sua pasta, bem como est\u00e1 ciente de seu equ\u00edvoco\u201d, num sinal de que n\u00e3o garantiria a perman\u00eancia dele no cargo.<\/p>\n<p style=\"text-align: justify;\">Depois da nota da FGV, Decotelli perdeu o apoio inclusive entre quem o respaldava antes.<\/p>\n<p style=\"text-align: justify;\"><strong>O NOVO NOME<\/strong><\/p>\n<p style=\"text-align: justify;\">De acordo com fontes do Planalto, a ala militar agora tenta convencer o presidente a escolher um nome com o mesmo perfil t\u00e9cnico e que n\u00e3o seja ligado ao escritor Olavo de Carvalho, guru da ala ideol\u00f3gica e padrinho Weintraub no MEC.<\/p>\n<p style=\"text-align: justify;\">Enquanto isso, o Minist\u00e9rio da Educa\u00e7\u00e3o enfrenta desafios urgentes, como a aprova\u00e7\u00e3o do novo Fundeb, volta \u00e0s aulas presenciais e realiza\u00e7\u00e3o do\u00a0Enem<strong>\u00a0<\/strong>2020, ainda sem data marcada.<\/p>\n<p style=\"text-align: justify;\"><em>Fonte: Yahoo Not\u00edcias<\/em><\/p>\n","protected":false},"excerpt":{"rendered":"<p>O novo ministro da Educa\u00e7\u00e3o,\u00a0Carlos Alberto Decotelli, pediu demiss\u00e3o do cargo ap\u00f3s 5 dias do an\u00fancio feito pelo\u00a0presidente Jair Bolsonaro\u00a0(sem partido) de sua escolha para comandar o MEC (Minist\u00e9rio da Educa\u00e7\u00e3o), feita na quinta-feira (25) da semana passada.<\/p>\n","protected":false},"author":2,"featured_media":26084,"comment_status":"open","ping_status":"open","sticky":false,"template":"","format":"standard","meta":{"om_disable_all_campaigns":false,"_monsterinsights_skip_tracking":false,"_monsterinsights_sitenote_active":false,"_monsterinsights_sitenote_note":"","_monsterinsights_sitenote_category":0,"footnotes":""},"categories":[34,70,20,69,21],"tags":[93,3760,616,1437,1436,561,199],"class_list":["post-26310","post","type-post","status-publish","format-standard","has-post-thumbnail","hentry","category-brasil","category-destaques","category-educacao","category-noticias2","category-politica","tag-brasil","tag-carlos-alberto-decotelli-da-silva","tag-demissao","tag-mec","tag-ministerio-da-educacao","tag-ministro","tag-politica"],"aioseo_notices":[],"_links":{"self":[{"href":"https:\/\/www.portalalerta.com.br\/index.php\/wp-json\/wp\/v2\/posts\/26310","targetHints":{"allow":["GET"]}}],"collection":[{"href":"https:\/\/www.portalalerta.com.br\/index.php\/wp-json\/wp\/v2\/posts"}],"about":[{"href":"https:\/\/www.portalalerta.com.br\/index.php\/wp-json\/wp\/v2\/types\/post"}],"author":[{"embeddable":true,"href":"https:\/\/www.portalalerta.com.br\/index.php\/wp-json\/wp\/v2\/users\/2"}],"replies":[{"embeddable":true,"href":"https:\/\/www.portalalerta.com.br\/index.php\/wp-json\/wp\/v2\/comments?post=26310"}],"version-history":[{"count":1,"href":"https:\/\/www.portalalerta.com.br\/index.php\/wp-json\/wp\/v2\/posts\/26310\/revisions"}],"predecessor-version":[{"id":26311,"href":"https:\/\/www.portalalerta.com.br\/index.php\/wp-json\/wp\/v2\/posts\/26310\/revisions\/26311"}],"wp:featuredmedia":[{"embeddable":true,"href":"https:\/\/www.portalalerta.com.br\/index.php\/wp-json\/wp\/v2\/media\/26084"}],"wp:attachment":[{"href":"https:\/\/www.portalalerta.com.br\/index.php\/wp-json\/wp\/v2\/media?parent=26310"}],"wp:term":[{"taxonomy":"category","embeddable":true,"href":"https:\/\/www.portalalerta.com.br\/index.php\/wp-json\/wp\/v2\/categories?post=26310"},{"taxonomy":"post_tag","embeddable":true,"href":"https:\/\/www.portalalerta.com.br\/index.php\/wp-json\/wp\/v2\/tags?post=26310"}],"curies":[{"name":"wp","href":"https:\/\/api.w.org\/{rel}","templated":true}]}}