{"id":26315,"date":"2020-07-01T15:38:02","date_gmt":"2020-07-01T18:38:02","guid":{"rendered":"https:\/\/www.portalalerta.com.br\/?p=26315"},"modified":"2020-07-01T15:38:02","modified_gmt":"2020-07-01T18:38:02","slug":"sobe-para-dez-numero-de-mortes-causadas-pelo-ciclone-bomba-no-sul-do-brasil","status":"publish","type":"post","link":"https:\/\/www.portalalerta.com.br\/index.php\/2020\/07\/01\/sobe-para-dez-numero-de-mortes-causadas-pelo-ciclone-bomba-no-sul-do-brasil\/","title":{"rendered":"Sobe para dez n\u00famero de mortes causadas pelo &#8216;ciclone bomba&#8217; no Sul do Brasil"},"content":{"rendered":"<p style=\"text-align: justify;\">O \u201cciclone bomba\u201d matou ao menos dez no Sul do pa\u00eds nesta ter\u00e7a-feira (30). Nove \u00f3bitos foram registrados em Santa Catarina e um no Rio Grande do Sul. Nesta quarta-feira (01), S\u00e3o Paulo e Rio de Janeiro tamb\u00e9m devem sofrer fortes rajadas de vento, j\u00e1 nas primeiras horas os estados do Sudeste j\u00e1 foram atingidos pelos fortes ventos.<!--more--><\/p>\n<p style=\"text-align: justify;\"><img fetchpriority=\"high\" decoding=\"async\" class=\"size-thumbnail wp-image-9394 alignleft\" src=\"https:\/\/www.portalalerta.com.br\/wp-content\/uploads\/2018\/07\/05elab-320x240.jpg\" alt=\"\" width=\"320\" height=\"240\" srcset=\"https:\/\/www.portalalerta.com.br\/wp-content\/uploads\/2018\/07\/05elab-320x240.jpg 320w, https:\/\/www.portalalerta.com.br\/wp-content\/uploads\/2018\/07\/05elab-195x146.jpg 195w, https:\/\/www.portalalerta.com.br\/wp-content\/uploads\/2018\/07\/05elab-50x38.jpg 50w, https:\/\/www.portalalerta.com.br\/wp-content\/uploads\/2018\/07\/05elab-100x75.jpg 100w, https:\/\/www.portalalerta.com.br\/wp-content\/uploads\/2018\/07\/05elab.jpg 400w\" sizes=\"(max-width: 320px) 100vw, 320px\" \/>De acordo com a TV Globo, entre os nove mortes em Santa Catarina h\u00e1 uma idosa que morreu ap\u00f3s ser atingida por uma \u00e1rvore. O caso aconteceu na cidade de Chapec\u00f3, no Oeste do estado. Outro homem, na Grande Florian\u00f3polis, foi atingido pela fia\u00e7\u00e3o el\u00e9trica ap\u00f3s a queda de uma \u00e1rvore.<\/p>\n<p style=\"text-align: justify;\">Os catarinenses seguem em alerta pois pode haver outra forte rajada de ventos nesta quarta no estado. Contudo, ao longo do dia, o ciclone deve perder for\u00e7a e n\u00e3o h\u00e1 previs\u00e3o de chuvas em quase todo o estado.<\/p>\n<p style=\"text-align: justify;\">No Rio Grande do Sul, a \u00fanica v\u00edtima at\u00e9 o momento morreu soterrada depois de um deslizamento de terra causada pelo temporal em Nova Preta. Vanderlei Oliveira, de 53 anos, foi levado para o hospital, mas n\u00e3o resistiu.<\/p>\n<p style=\"text-align: justify;\">No Paran\u00e1, ventos fortes derrubaram \u00e1rvores e destelharam im\u00f3veis. Curitiba amanheceu com ruas interditadas. Em toda a Regi\u00e3o Sul, h\u00e1 registro de uma grande parcela da popula\u00e7\u00e3o sem energia.<\/p>\n<p style=\"text-align: justify;\">Tanto S\u00e3o Paulo como Rio de Janeiro devem sofrer com forte ventania nesta quarta-feira. Desde as primeiras horas do dia, ambos registraram quedas de \u00e1rvores. No litoral paulista, segundo a TV Globo, h\u00e1 registro de lanchas afundadas.<\/p>\n<p style=\"text-align: justify;\"><em>Fonte: Yahoo Not\u00edcias<\/em><\/p>\n","protected":false},"excerpt":{"rendered":"<p>O \u201cciclone bomba\u201d matou ao menos dez no Sul do pa\u00eds nesta ter\u00e7a-feira (30). Nove \u00f3bitos foram registrados em Santa Catarina e um no Rio Grande do Sul. Nesta quarta-feira (01), S\u00e3o Paulo e Rio de Janeiro tamb\u00e9m devem sofrer fortes rajadas de vento, j\u00e1 nas primeiras horas os estados do Sudeste j\u00e1 foram atingidos &hellip;<\/p>\n","protected":false},"author":2,"featured_media":26316,"comment_status":"open","ping_status":"open","sticky":false,"template":"","format":"standard","meta":{"om_disable_all_campaigns":false,"_monsterinsights_skip_tracking":false,"_monsterinsights_sitenote_active":false,"_monsterinsights_sitenote_note":"","_monsterinsights_sitenote_category":0,"footnotes":""},"categories":[34,70,69],"tags":[93,2356,854,735],"class_list":["post-26315","post","type-post","status-publish","format-standard","has-post-thumbnail","hentry","category-brasil","category-destaques","category-noticias2","tag-brasil","tag-ciclone","tag-rio-grande-do-sul","tag-santa-catarina"],"aioseo_notices":[],"_links":{"self":[{"href":"https:\/\/www.portalalerta.com.br\/index.php\/wp-json\/wp\/v2\/posts\/26315","targetHints":{"allow":["GET"]}}],"collection":[{"href":"https:\/\/www.portalalerta.com.br\/index.php\/wp-json\/wp\/v2\/posts"}],"about":[{"href":"https:\/\/www.portalalerta.com.br\/index.php\/wp-json\/wp\/v2\/types\/post"}],"author":[{"embeddable":true,"href":"https:\/\/www.portalalerta.com.br\/index.php\/wp-json\/wp\/v2\/users\/2"}],"replies":[{"embeddable":true,"href":"https:\/\/www.portalalerta.com.br\/index.php\/wp-json\/wp\/v2\/comments?post=26315"}],"version-history":[{"count":1,"href":"https:\/\/www.portalalerta.com.br\/index.php\/wp-json\/wp\/v2\/posts\/26315\/revisions"}],"predecessor-version":[{"id":26317,"href":"https:\/\/www.portalalerta.com.br\/index.php\/wp-json\/wp\/v2\/posts\/26315\/revisions\/26317"}],"wp:featuredmedia":[{"embeddable":true,"href":"https:\/\/www.portalalerta.com.br\/index.php\/wp-json\/wp\/v2\/media\/26316"}],"wp:attachment":[{"href":"https:\/\/www.portalalerta.com.br\/index.php\/wp-json\/wp\/v2\/media?parent=26315"}],"wp:term":[{"taxonomy":"category","embeddable":true,"href":"https:\/\/www.portalalerta.com.br\/index.php\/wp-json\/wp\/v2\/categories?post=26315"},{"taxonomy":"post_tag","embeddable":true,"href":"https:\/\/www.portalalerta.com.br\/index.php\/wp-json\/wp\/v2\/tags?post=26315"}],"curies":[{"name":"wp","href":"https:\/\/api.w.org\/{rel}","templated":true}]}}