{"id":26322,"date":"2020-07-02T00:01:43","date_gmt":"2020-07-02T03:01:43","guid":{"rendered":"https:\/\/www.portalalerta.com.br\/?p=26322"},"modified":"2020-07-02T01:52:12","modified_gmt":"2020-07-02T04:52:12","slug":"1empresarios-pombalenses-querem-que-materiais-para-construcao-sejam-inclusos-na-categoria-de-atividades-essenciais-em-ribeira-do-pombal-ba","status":"publish","type":"post","link":"https:\/\/www.portalalerta.com.br\/index.php\/2020\/07\/02\/1empresarios-pombalenses-querem-que-materiais-para-construcao-sejam-inclusos-na-categoria-de-atividades-essenciais-em-ribeira-do-pombal-ba\/","title":{"rendered":"Empres\u00e1rios pombalenses querem que Constru\u00e7\u00e3o Civil seja inclu\u00edda na categoria de atividades essenciais, em Ribeira do Pombal-BA"},"content":{"rendered":"<p style=\"text-align: justify;\">Empres\u00e1rios do ramo varejista de materiais para constru\u00e7\u00e3o de Ribeira do Pombal-BA assinaram um manifesto, solicitando ao prefeito Ricardo Maia a inclus\u00e3o da categoria na lista de atividades essenciais.<!--more--><\/p>\n<p style=\"text-align: justify;\">De acordo com o documento, tanto o Governo Federal quanto o Governo do Estado da Bahia, j\u00e1 declararam a Constru\u00e7\u00e3o Civil como atividade essencial. Al\u00e9m disso, segundo os propriet\u00e1rios de lojas, as Casas de Materiais de Constru\u00e7\u00e3o n\u00e3o s\u00e3o respons\u00e1veis por aglomera\u00e7\u00f5es de pessoas, e portanto n\u00e3o devem ser consideradas como atividades de risco para a contamina\u00e7\u00e3o e dissemina\u00e7\u00e3o do Coronav\u00edrus. Ainda segundo os lojistas, os mesmos se comprometem em cumprir com as exig\u00eancias impostas nos Decretos Municipais anteriores.<\/p>\n<p style=\"text-align: justify;\"><img fetchpriority=\"high\" decoding=\"async\" class=\"size-thumbnail wp-image-25012 aligncenter\" src=\"https:\/\/www.portalalerta.com.br\/wp-content\/uploads\/2020\/06\/real-acordo.1-720x92.jpg\" alt=\"\" width=\"720\" height=\"92\" \/>Desta forma, 13 empres\u00e1rios assinaram o manifesto, pedindo a inclus\u00e3o da categoria lista de atividades essenciais, assim como fizeram os governos federal e estadual, ao mesmo tempo em que assumem o compromisso em adotar medidas preventivas ao v\u00edrus em quest\u00e3o.<\/p>\n<h2 style=\"text-align: justify;\">Munic\u00edpio<\/h2>\n<p style=\"text-align: justify;\">At\u00e9 o momento o munic\u00edpio de Ribeira do Pombal-BA n\u00e3o se manifestou oficialmente sobre o conte\u00fado do documento.<\/p>\n<p style=\"text-align: justify;\">No \u00faltimo <a href=\"https:\/\/www.portalalerta.com.br\/index.php\/2020\/07\/01\/apos-termino-de-lockdown-comercio-sera-reaberto-gradativamente-em-ribeira-do-pombal-ba\/\"><strong>decreto N\u00ba 053,<\/strong><\/a> onde definiu o plano de reabertura do com\u00e9rcio local, ap\u00f3s estado de Lockdown, foram estabelecidas tr\u00eas etapas, onde na primeira etapa Lojas de Materiais de Constru\u00e7\u00e3o n\u00e3o poder\u00e3o ser abertos ao p\u00fablico, devendo funcionar apenas no sistema Delivery, diferente de outros servi\u00e7os tidos como essenciais, a exemplo de: supermercados, farm\u00e1cias, a\u00e7ougues, padarias, e Postos de Combust\u00edveis.<strong> Confira o documento na \u00edntegra:<\/strong><\/p>\n<p style=\"text-align: justify;\"><img decoding=\"async\" class=\"aligncenter wp-image-26323 size-full\" src=\"https:\/\/www.portalalerta.com.br\/wp-content\/uploads\/2020\/07\/manifesto-de-empres\u00e1rios-do-ramo-de-material-para-constru\u00e7\u00e3o-2020.jpeg\" alt=\"\" width=\"720\" height=\"760\" srcset=\"https:\/\/www.portalalerta.com.br\/wp-content\/uploads\/2020\/07\/manifesto-de-empres\u00e1rios-do-ramo-de-material-para-constru\u00e7\u00e3o-2020.jpeg 720w, https:\/\/www.portalalerta.com.br\/wp-content\/uploads\/2020\/07\/manifesto-de-empres\u00e1rios-do-ramo-de-material-para-constru\u00e7\u00e3o-2020-227x240.jpeg 227w, https:\/\/www.portalalerta.com.br\/wp-content\/uploads\/2020\/07\/manifesto-de-empres\u00e1rios-do-ramo-de-material-para-constru\u00e7\u00e3o-2020-138x146.jpeg 138w, https:\/\/www.portalalerta.com.br\/wp-content\/uploads\/2020\/07\/manifesto-de-empres\u00e1rios-do-ramo-de-material-para-constru\u00e7\u00e3o-2020-47x50.jpeg 47w, https:\/\/www.portalalerta.com.br\/wp-content\/uploads\/2020\/07\/manifesto-de-empres\u00e1rios-do-ramo-de-material-para-constru\u00e7\u00e3o-2020-71x75.jpeg 71w\" sizes=\"(max-width: 720px) 100vw, 720px\" \/><\/p>\n<p style=\"text-align: justify;\"><em>Reda\u00e7\u00e3o: Portal Alerta<\/em><\/p>\n<p style=\"text-align: justify;\"><em>#fiqueemcasa<\/em><\/p>\n<p style=\"text-align: justify;\"><em>#usemascaras<\/em><\/p>\n","protected":false},"excerpt":{"rendered":"<p>Empres\u00e1rios do ramo varejista de materiais para constru\u00e7\u00e3o de Ribeira do Pombal-BA assinaram um manifesto, solicitando ao prefeito Ricardo Maia a inclus\u00e3o da categoria na lista de atividades essenciais.<\/p>\n","protected":false},"author":2,"featured_media":26324,"comment_status":"open","ping_status":"open","sticky":false,"template":"","format":"standard","meta":{"om_disable_all_campaigns":false,"_monsterinsights_skip_tracking":false,"_monsterinsights_sitenote_active":false,"_monsterinsights_sitenote_note":"","_monsterinsights_sitenote_category":0,"footnotes":""},"categories":[70,69,32,3,19],"tags":[2926,3429,3486,3767,47,61],"class_list":["post-26322","post","type-post","status-publish","format-standard","has-post-thumbnail","hentry","category-destaques","category-noticias2","category-regiao","category-ribeira-do-pombal","category-saude","tag-comercio","tag-coronavirus","tag-covid-19","tag-material-para-construcao","tag-ribeira-do-pombal","tag-saude"],"aioseo_notices":[],"_links":{"self":[{"href":"https:\/\/www.portalalerta.com.br\/index.php\/wp-json\/wp\/v2\/posts\/26322","targetHints":{"allow":["GET"]}}],"collection":[{"href":"https:\/\/www.portalalerta.com.br\/index.php\/wp-json\/wp\/v2\/posts"}],"about":[{"href":"https:\/\/www.portalalerta.com.br\/index.php\/wp-json\/wp\/v2\/types\/post"}],"author":[{"embeddable":true,"href":"https:\/\/www.portalalerta.com.br\/index.php\/wp-json\/wp\/v2\/users\/2"}],"replies":[{"embeddable":true,"href":"https:\/\/www.portalalerta.com.br\/index.php\/wp-json\/wp\/v2\/comments?post=26322"}],"version-history":[{"count":4,"href":"https:\/\/www.portalalerta.com.br\/index.php\/wp-json\/wp\/v2\/posts\/26322\/revisions"}],"predecessor-version":[{"id":26343,"href":"https:\/\/www.portalalerta.com.br\/index.php\/wp-json\/wp\/v2\/posts\/26322\/revisions\/26343"}],"wp:featuredmedia":[{"embeddable":true,"href":"https:\/\/www.portalalerta.com.br\/index.php\/wp-json\/wp\/v2\/media\/26324"}],"wp:attachment":[{"href":"https:\/\/www.portalalerta.com.br\/index.php\/wp-json\/wp\/v2\/media?parent=26322"}],"wp:term":[{"taxonomy":"category","embeddable":true,"href":"https:\/\/www.portalalerta.com.br\/index.php\/wp-json\/wp\/v2\/categories?post=26322"},{"taxonomy":"post_tag","embeddable":true,"href":"https:\/\/www.portalalerta.com.br\/index.php\/wp-json\/wp\/v2\/tags?post=26322"}],"curies":[{"name":"wp","href":"https:\/\/api.w.org\/{rel}","templated":true}]}}