{"id":26332,"date":"2020-07-02T00:25:46","date_gmt":"2020-07-02T03:25:46","guid":{"rendered":"https:\/\/www.portalalerta.com.br\/?p=26332"},"modified":"2020-07-02T00:25:46","modified_gmt":"2020-07-02T03:25:46","slug":"camara-aprova-pec-que-adia-para-novembro-eleicoes-de-2020","status":"publish","type":"post","link":"https:\/\/www.portalalerta.com.br\/index.php\/2020\/07\/02\/camara-aprova-pec-que-adia-para-novembro-eleicoes-de-2020\/","title":{"rendered":"C\u00e2mara aprova PEC que adia para novembro elei\u00e7\u00f5es de 2020"},"content":{"rendered":"<p style=\"text-align: justify;\">A C\u00e2mara dos Deputados aprovou nesta quarta-feira, 1\u00ba, a proposta de emenda \u00e0 Constitui\u00e7\u00e3o (PEC) que adia para novembro as elei\u00e7\u00f5es municipais deste ano em raz\u00e3o da pandemia do novo coronav\u00edrus.<!--more--><\/p>\n<p style=\"text-align: justify;\">O texto-base foi aprovado em primeiro turno por 402 votos a 90 (houve 4 absten\u00e7\u00f5es). No segundo turno, a PEC foi aprovada por 407 votos a 70. Apenas uma absten\u00e7\u00e3o foi registrada. Pelo calend\u00e1rio eleitoral, o primeiro turno estava marcado para 4 de outubro, e o segundo, para 25 de outubro. Com a aprova\u00e7\u00e3o da PEC, o primeiro turno passaria para 15 de novembro, e o segundo, para 29 de novembro. Por j\u00e1 ter sido aprovado pelo Senado, o texto seguir\u00e1 para promulga\u00e7\u00e3o pelo Congresso Nacional.<\/p>\n<p>O presidente da C\u00e2mara, Rodrigo Maia (DEM-RJ), disse que o presidente do Senado, Davi Alcolumbre (DEM-AP), convocar\u00e1 para amanh\u00e3 \u00e0s 10h uma sess\u00e3o do Congresso para promulgar a PEC Proposta de Emenda \u00e0 Constitui\u00e7\u00e3o). Com isso, ela j\u00e1 passa a valer.<\/p>\n<p style=\"text-align: justify;\"><img fetchpriority=\"high\" decoding=\"async\" class=\"size-thumbnail wp-image-25012 aligncenter\" src=\"https:\/\/www.portalalerta.com.br\/wp-content\/uploads\/2020\/06\/real-acordo.1-720x92.jpg\" alt=\"\" width=\"720\" height=\"92\" \/>A sess\u00e3o est\u00e1 marcada para a manh\u00e3 desta quinta-feira (2). Na vota\u00e7\u00e3o em primeiro turno, os deputados aprovaram dois destaques, que mudaram o texto. No entanto, n\u00e3o h\u00e1 necessidade de nova an\u00e1lise do Senado. O Tribunal Superior Eleitoral (TSE) tem defendido o adiamento como medida para minimizar o risco de cont\u00e1gio da doen\u00e7a, mas desde que seja ainda para este ano.<\/p>\n<p style=\"text-align: justify;\">\u201cA altera\u00e7\u00e3o do calend\u00e1rio eleitoral \u00e9 medida necess\u00e1ria no atual contexto da emerg\u00eancia de sa\u00fade p\u00fablica\u201d, disse o relator do texto, o deputado Jhonatan de Jesus (Republicanos-RR). &#8220;Os novos prazos e datas s\u00e3o adequados e prestigiam os princ\u00edpios democr\u00e1tico e republicano, ao garantir a manuten\u00e7\u00e3o das elei\u00e7\u00f5es sem altera\u00e7\u00e3o nos per\u00edodos dos mandatos&#8221;, continuou.<\/p>\n<p style=\"text-align: justify;\">Se houver necessidade de adiamento maior em determinada cidade, devido aos casos de Covid-19, a PEC prev\u00ea que, ap\u00f3s pedido do TSE instru\u00eddo por autoridade sanit\u00e1ria, o Congresso dever\u00e1 aprovar decreto legislativo para remarcar o pleito, tendo como limite o dia 27 de dezembro.<\/p>\n<p style=\"text-align: justify;\"><em>Fonte: Metro1<\/em><\/p>\n","protected":false},"excerpt":{"rendered":"<p>A C\u00e2mara dos Deputados aprovou nesta quarta-feira, 1\u00ba, a proposta de emenda \u00e0 Constitui\u00e7\u00e3o (PEC) que adia para novembro as elei\u00e7\u00f5es municipais deste ano em raz\u00e3o da pandemia do novo coronav\u00edrus.<\/p>\n","protected":false},"author":2,"featured_media":21416,"comment_status":"open","ping_status":"open","sticky":false,"template":"","format":"standard","meta":{"om_disable_all_campaigns":false,"_monsterinsights_skip_tracking":false,"_monsterinsights_sitenote_active":false,"_monsterinsights_sitenote_note":"","_monsterinsights_sitenote_category":0,"footnotes":""},"categories":[34,70,69,21],"tags":[3464,93,186,3215],"class_list":["post-26332","post","type-post","status-publish","format-standard","has-post-thumbnail","hentry","category-brasil","category-destaques","category-noticias2","category-politica","tag-adiamento","tag-brasil","tag-camara-dos-deputados","tag-eleicoes-2020"],"aioseo_notices":[],"_links":{"self":[{"href":"https:\/\/www.portalalerta.com.br\/index.php\/wp-json\/wp\/v2\/posts\/26332","targetHints":{"allow":["GET"]}}],"collection":[{"href":"https:\/\/www.portalalerta.com.br\/index.php\/wp-json\/wp\/v2\/posts"}],"about":[{"href":"https:\/\/www.portalalerta.com.br\/index.php\/wp-json\/wp\/v2\/types\/post"}],"author":[{"embeddable":true,"href":"https:\/\/www.portalalerta.com.br\/index.php\/wp-json\/wp\/v2\/users\/2"}],"replies":[{"embeddable":true,"href":"https:\/\/www.portalalerta.com.br\/index.php\/wp-json\/wp\/v2\/comments?post=26332"}],"version-history":[{"count":1,"href":"https:\/\/www.portalalerta.com.br\/index.php\/wp-json\/wp\/v2\/posts\/26332\/revisions"}],"predecessor-version":[{"id":26333,"href":"https:\/\/www.portalalerta.com.br\/index.php\/wp-json\/wp\/v2\/posts\/26332\/revisions\/26333"}],"wp:featuredmedia":[{"embeddable":true,"href":"https:\/\/www.portalalerta.com.br\/index.php\/wp-json\/wp\/v2\/media\/21416"}],"wp:attachment":[{"href":"https:\/\/www.portalalerta.com.br\/index.php\/wp-json\/wp\/v2\/media?parent=26332"}],"wp:term":[{"taxonomy":"category","embeddable":true,"href":"https:\/\/www.portalalerta.com.br\/index.php\/wp-json\/wp\/v2\/categories?post=26332"},{"taxonomy":"post_tag","embeddable":true,"href":"https:\/\/www.portalalerta.com.br\/index.php\/wp-json\/wp\/v2\/tags?post=26332"}],"curies":[{"name":"wp","href":"https:\/\/api.w.org\/{rel}","templated":true}]}}