{"id":26357,"date":"2020-07-02T17:13:01","date_gmt":"2020-07-02T20:13:01","guid":{"rendered":"https:\/\/www.portalalerta.com.br\/?p=26357"},"modified":"2020-07-02T17:13:01","modified_gmt":"2020-07-02T20:13:01","slug":"governo-brasileiro-entregou-43-milhoes-de-unidades-de-cloroquina","status":"publish","type":"post","link":"https:\/\/www.portalalerta.com.br\/index.php\/2020\/07\/02\/governo-brasileiro-entregou-43-milhoes-de-unidades-de-cloroquina\/","title":{"rendered":"Governo brasileiro entregou, 4,3 milh\u00f5es de unidades de cloroquina"},"content":{"rendered":"<p style=\"text-align: justify;\">O Minist\u00e9rio da Sa\u00fade j\u00e1 entregou 4.374.000 unidades de cloroquina aos Estados brasileiros desde o in\u00edcio da pandemia de Covid-19, apesar da falta de comprova\u00e7\u00e3o cient\u00edfica de efic\u00e1cia do medicamento contra a mal\u00e1ria para tratar a doen\u00e7a respirat\u00f3ria provocada pelo novo coronav\u00edrus.<!--more--><\/p>\n<p style=\"text-align: justify;\">Enquanto diversos pa\u00edses do mundo proibiram o uso da cloroquina e da hidroxicloroquina contra a Covid-19, diante da falta de efic\u00e1cia comprovada e devido a riscos de sa\u00fade, o Brasil ampliou neste m\u00eas a recomenda\u00e7\u00e3o de tratamento com o rem\u00e9dio, incluindo gestantes e crian\u00e7as com determinadas condi\u00e7\u00f5es de sa\u00fade entre os grupos com recomenda\u00e7\u00e3o de uso.<\/p>\n<p style=\"text-align: justify;\">Na semana passada, o Hospital Israelita Albert Einstein &#8211;cujos estudos com cloroquina foram citados pelo presidente Jair Bolsonaro para defender o uso do medicamento contra a Covid-19&#8211; decidiu recomendar a n\u00e3o utiliza\u00e7\u00e3o do rem\u00e9dio contra a doen\u00e7a, citando a falta de evid\u00eancias de efic\u00e1cia e os riscos conhecidos e potenciais.<\/p>\n<p style=\"text-align: justify;\"><img fetchpriority=\"high\" decoding=\"async\" class=\"size-thumbnail wp-image-25012 aligncenter\" src=\"https:\/\/www.portalalerta.com.br\/wp-content\/uploads\/2020\/06\/real-acordo.1-720x92.jpg\" alt=\"\" width=\"720\" height=\"92\" \/>A decis\u00e3o do Einstein foi tomada depois que Administra\u00e7\u00e3o de Alimentos e Medicamentos dos Estados Unidos (FDA, na sigla em ingl\u00eas) suspendeu a recomenda\u00e7\u00e3o de uso emergencial do medicamento, apontando estudos que sugeriram que n\u00e3o \u00e9 eficaz contra a Covid-19.<\/p>\n<p style=\"text-align: justify;\">Apesar das recomenda\u00e7\u00f5es contr\u00e1rias ao medicamento, o Brasil j\u00e1 distribuiu quase 4,4 milh\u00f5es de unidades de cloroquina para todos os Estados e o Distrito Federal, sendo quase 1 milh\u00e3o apenas para S\u00e3o Paulo, de acordo com dados apresentados pelo Minist\u00e9rio da Sa\u00fade nesta segunda-feira.<\/p>\n<p style=\"text-align: justify;\">Entre as regi\u00f5es do pa\u00eds, o Nordeste recebeu o maior n\u00famero de unidades, com 1,5 milh\u00e3o de comprimidos no total, sendo 720 mil entregues somente neste m\u00eas. Os Estados das Regi\u00f5es Sul e Sudeste, por outro lado, n\u00e3o solicitaram doses do medicamento neste m\u00eas.<\/p>\n<p style=\"text-align: justify;\">Elcio Franco, secret\u00e1rio-executivo do Minist\u00e9rio da Sa\u00fade, reconheceu a falta de efic\u00e1cia comprovada da cloroquina, mas defendeu seu uso durante a pandemia.<\/p>\n<p style=\"text-align: justify;\">&#8220;A cloroquina \u00e9 uma possibilidade que j\u00e1 se mostrou efetiva conforme as refer\u00eancias, inclusive na \u00cdndia tem sido bastante positivo o uso&#8230; H\u00e1 evid\u00eancias bastante consistentes de que tem sido efetivo o uso deste medicamento em associa\u00e7\u00e3o com outros medicamentos&#8221;, afirmou o secret\u00e1rio em entrevista coletiva no Pal\u00e1cio do Planalto.<\/p>\n<p style=\"text-align: justify;\">&#8220;\u00c9 um medicamento de muito baixo custo, e em situa\u00e7\u00f5es de pandemia \u00e9 natural que se busque, baseado na an\u00e1lise cl\u00ednica do m\u00e9dico, solu\u00e7\u00f5es, porque \u00e9 um fator desconhecido. Daqui a um ano talvez a gente tenha evid\u00eancias cient\u00edficas comprovadas do efeito maior ou menor&#8221;, acrescentou.<\/p>\n<p style=\"text-align: justify;\">Desde o final de maio o Minist\u00e9rio da Sa\u00fade alterou sua recomenda\u00e7\u00e3o para o uso da cloroquina e da hidroxicloroquina, por press\u00e3o de Bolsonaro, para passar a recomendar a utiliza\u00e7\u00e3o tamb\u00e9m em casos leves da doen\u00e7a. Anteriormente, a recomenda\u00e7\u00e3o era apenas para pacientes hospitalizados e em estado grave.<\/p>\n<p style=\"text-align: justify;\">Questionado se o minist\u00e9rio estuda divulgar um protocolo recomendando o uso da dexametasona, um ester\u00f3ide apontado pela Universidade de Oxford como um &#8220;grande avan\u00e7o&#8221; no combate \u00e0 doen\u00e7a, o secret\u00e1rio disse apenas que o medicamento j\u00e1 est\u00e1 incluindo numa lista de op\u00e7\u00f5es dispon\u00edveis para os m\u00e9dicos utilizarem em comum acordo com os pacientes.<\/p>\n<p style=\"text-align: justify;\">Resultados de testes anunciados neste m\u00eas mostraram que a dexametasona, que \u00e9 usada para diminuir inflama\u00e7\u00f5es de outras doen\u00e7as, reduziu as taxas de mortalidade em cerca de um ter\u00e7o entre pacientes de Covid-19 hospitalizados em estado grave. [nL1N2DT15Q]\n<p style=\"text-align: justify;\">O Brasil \u00e9 o segundo pa\u00eds mais afetado pela pandemia de coronav\u00edrus, com mais de 1,3 milh\u00e3o de casos confirmados e mais de 58 mil mortes at\u00e9 esta segunda-feira. Apenas os Estados Unidos t\u00eam mais casos e mais \u00f3bitos em consequ\u00eancia da Covid-19.<\/p>\n<p style=\"text-align: justify;\"><em>Fonte: Yahoo Not\u00edcias<\/em><\/p>\n","protected":false},"excerpt":{"rendered":"<p>O Minist\u00e9rio da Sa\u00fade j\u00e1 entregou 4.374.000 unidades de cloroquina aos Estados brasileiros desde o in\u00edcio da pandemia de Covid-19, apesar da falta de comprova\u00e7\u00e3o cient\u00edfica de efic\u00e1cia do medicamento contra a mal\u00e1ria para tratar a doen\u00e7a respirat\u00f3ria provocada pelo novo coronav\u00edrus.<\/p>\n","protected":false},"author":2,"featured_media":23355,"comment_status":"open","ping_status":"open","sticky":false,"template":"","format":"standard","meta":{"om_disable_all_campaigns":false,"_monsterinsights_skip_tracking":false,"_monsterinsights_sitenote_active":false,"_monsterinsights_sitenote_note":"","_monsterinsights_sitenote_category":0,"footnotes":""},"categories":[34,70,69,19],"tags":[93,3429,3486,249,61],"class_list":["post-26357","post","type-post","status-publish","format-standard","has-post-thumbnail","hentry","category-brasil","category-destaques","category-noticias2","category-saude","tag-brasil","tag-coronavirus","tag-covid-19","tag-governo-federal","tag-saude"],"aioseo_notices":[],"_links":{"self":[{"href":"https:\/\/www.portalalerta.com.br\/index.php\/wp-json\/wp\/v2\/posts\/26357","targetHints":{"allow":["GET"]}}],"collection":[{"href":"https:\/\/www.portalalerta.com.br\/index.php\/wp-json\/wp\/v2\/posts"}],"about":[{"href":"https:\/\/www.portalalerta.com.br\/index.php\/wp-json\/wp\/v2\/types\/post"}],"author":[{"embeddable":true,"href":"https:\/\/www.portalalerta.com.br\/index.php\/wp-json\/wp\/v2\/users\/2"}],"replies":[{"embeddable":true,"href":"https:\/\/www.portalalerta.com.br\/index.php\/wp-json\/wp\/v2\/comments?post=26357"}],"version-history":[{"count":1,"href":"https:\/\/www.portalalerta.com.br\/index.php\/wp-json\/wp\/v2\/posts\/26357\/revisions"}],"predecessor-version":[{"id":26359,"href":"https:\/\/www.portalalerta.com.br\/index.php\/wp-json\/wp\/v2\/posts\/26357\/revisions\/26359"}],"wp:featuredmedia":[{"embeddable":true,"href":"https:\/\/www.portalalerta.com.br\/index.php\/wp-json\/wp\/v2\/media\/23355"}],"wp:attachment":[{"href":"https:\/\/www.portalalerta.com.br\/index.php\/wp-json\/wp\/v2\/media?parent=26357"}],"wp:term":[{"taxonomy":"category","embeddable":true,"href":"https:\/\/www.portalalerta.com.br\/index.php\/wp-json\/wp\/v2\/categories?post=26357"},{"taxonomy":"post_tag","embeddable":true,"href":"https:\/\/www.portalalerta.com.br\/index.php\/wp-json\/wp\/v2\/tags?post=26357"}],"curies":[{"name":"wp","href":"https:\/\/api.w.org\/{rel}","templated":true}]}}