{"id":26395,"date":"2020-07-02T20:55:50","date_gmt":"2020-07-02T23:55:50","guid":{"rendered":"https:\/\/www.portalalerta.com.br\/?p=26395"},"modified":"2020-07-02T20:55:50","modified_gmt":"2020-07-02T23:55:50","slug":"fracassamos-miseravelmente-diz-delfim-netto-sobre-combate-a-pandemia-no-brasil","status":"publish","type":"post","link":"https:\/\/www.portalalerta.com.br\/index.php\/2020\/07\/02\/fracassamos-miseravelmente-diz-delfim-netto-sobre-combate-a-pandemia-no-brasil\/","title":{"rendered":"&#8216;Fracassamos miseravelmente&#8217;, diz Delfim Netto sobre combate \u00e0 pandemia no Brasil"},"content":{"rendered":"<p style=\"text-align: justify;\">O economista, professor e ex-ministro Ant\u00f4nio Delfim Netto avaliou como &#8220;desastrosas&#8221; as medidas do governo de Jair Bolsonaro no combate \u00e0 pandemia de coronav\u00edrus. Em entrevista a M\u00e1rio Kert\u00e9sz na\u00a0R\u00e1dio Metr\u00f3pole, na manh\u00e3 desta quinta-feira, 02, Delfim Netto afirmou que o Brasil &#8220;fracassou miseravelmente&#8221; em frear o avan\u00e7o da Covid-19, mesmo elogiando a pol\u00edtica de socorro para a economia.<!--more--><\/p>\n<p style=\"text-align: justify;\"><img fetchpriority=\"high\" decoding=\"async\" class=\"size-full wp-image-2902 alignleft\" src=\"https:\/\/www.portalalerta.com.br\/wp-content\/uploads\/2017\/11\/elab-2.jpg\" alt=\"\" width=\"310\" height=\"200\" srcset=\"https:\/\/www.portalalerta.com.br\/wp-content\/uploads\/2017\/11\/elab-2.jpg 310w, https:\/\/www.portalalerta.com.br\/wp-content\/uploads\/2017\/11\/elab-2-226x146.jpg 226w, https:\/\/www.portalalerta.com.br\/wp-content\/uploads\/2017\/11\/elab-2-50x32.jpg 50w, https:\/\/www.portalalerta.com.br\/wp-content\/uploads\/2017\/11\/elab-2-116x75.jpg 116w\" sizes=\"(max-width: 310px) 100vw, 310px\" \/>&#8220;Desde o in\u00edcio enfrentamos a pandemia muito mais com discurso do que com fatos. (&#8230;) Infelizmente, mesmo sendo feita uma pol\u00edtica de sa\u00fade de p\u00e9ssima qualidade, tivemos que paralisar tamb\u00e9m uma boa parte da economia. Por outro lado, o Banco Central foi autorizado com medidas para poder financiar toda a produ\u00e7\u00e3o do come\u00e7o ao fim. Ent\u00e3o, do ponto de vista do ataque \u00e0 \u00e1rea econ\u00f4mica, \u00e0 atividade, n\u00f3s fizemos muito parecido ou at\u00e9 melhor do que a maioria dos pa\u00edses. Agora, sobre o combate \u00e0 pandemia, infelizmente eu acho que n\u00f3s fracassamos miseravelmente. At\u00e9 agora n\u00e3o temos uma pol\u00edtica de sa\u00fade razo\u00e1vel, apesar de termos o SUS, que \u00e9 talvez o melhor seguro sa\u00fade do mundo, que s\u00f3 n\u00e3o funcionou melhor porque n\u00e3o fomos capazes de aplacar o crescimento da infec\u00e7\u00e3o. Acho que continuamos muito mal&#8221;, analisou.<\/p>\n<p style=\"text-align: justify;\">Fazendo alus\u00e3o \u00e0 express\u00e3o &#8220;Or\u00e7amento de Guerra&#8221;, que d\u00e1 nome \u00e0 PEC 106, promulgada para facilitar os gastos p\u00fablicos no combate ao coronav\u00edrus, Delfim Netto criticou a falta de estrat\u00e9gia do governo federal para lidar com a pandemia.<\/p>\n<p style=\"text-align: justify;\">&#8220;Em um momento como esse voc\u00ea tem que transpor os interesses da sociedade acima das suas prefer\u00eancias partid\u00e1rias. (&#8230;) O presidente Bolsonaro tem preconceitos identit\u00e1rios, religiosos, sociol\u00f3gicos, horr\u00edveis. Essa ideia de que se tratava de uma gripezinha, uma coisa rid\u00edcula, diante dos fatos que estavam vis\u00edveis, prejudicou fortemente o combate \u00e0 pandemia. Nesse sentido, foi um desastre. O Brasil t\u00e1 enfrentando realmente como se fosse uma guerra, tanto \u00e9 verdade que a PEC aprovada se chama PEC do or\u00e7amento de guerra. Ou seja, como numa guerra, no combate \u00e0 pandemia, estamos mobilizando todos os recursos. (&#8230;) S\u00f3 que estamos numa guerra em que o ex\u00e9rcito briga com ele mesmo. N\u00e3o tem inimigo. O inimigo \u00e9 a pandemia, mas o poder central, que devia estar coordenando tudo isso, pra que esse efeito de guerra produzisse um resultado de vit\u00f3ria, est\u00e1 sendo mal conduzido&#8221;, afirmou, acrescentando que a Bahia &#8220;administra a guerra&#8221; contra o coronav\u00edrus de forma &#8220;muito superior&#8221; \u00e0 Uni\u00e3o.<\/p>\n<p style=\"text-align: justify;\"><em>Fonte: Metro1<\/em><\/p>\n","protected":false},"excerpt":{"rendered":"<p>O economista, professor e ex-ministro Ant\u00f4nio Delfim Netto avaliou como &#8220;desastrosas&#8221; as medidas do governo de Jair Bolsonaro no combate \u00e0 pandemia de coronav\u00edrus. Em entrevista a M\u00e1rio Kert\u00e9sz na\u00a0R\u00e1dio Metr\u00f3pole, na manh\u00e3 desta quinta-feira, 02, Delfim Netto afirmou que o Brasil &#8220;fracassou miseravelmente&#8221; em frear o avan\u00e7o da Covid-19, mesmo elogiando a pol\u00edtica de &hellip;<\/p>\n","protected":false},"author":2,"featured_media":5423,"comment_status":"open","ping_status":"open","sticky":false,"template":"","format":"standard","meta":{"om_disable_all_campaigns":false,"_monsterinsights_skip_tracking":false,"_monsterinsights_sitenote_active":false,"_monsterinsights_sitenote_note":"","_monsterinsights_sitenote_category":0,"footnotes":""},"categories":[34,70,69,19],"tags":[93,3429,3486,740,61],"class_list":["post-26395","post","type-post","status-publish","format-standard","has-post-thumbnail","hentry","category-brasil","category-destaques","category-noticias2","category-saude","tag-brasil","tag-coronavirus","tag-covid-19","tag-delfim-netto","tag-saude"],"aioseo_notices":[],"_links":{"self":[{"href":"https:\/\/www.portalalerta.com.br\/index.php\/wp-json\/wp\/v2\/posts\/26395","targetHints":{"allow":["GET"]}}],"collection":[{"href":"https:\/\/www.portalalerta.com.br\/index.php\/wp-json\/wp\/v2\/posts"}],"about":[{"href":"https:\/\/www.portalalerta.com.br\/index.php\/wp-json\/wp\/v2\/types\/post"}],"author":[{"embeddable":true,"href":"https:\/\/www.portalalerta.com.br\/index.php\/wp-json\/wp\/v2\/users\/2"}],"replies":[{"embeddable":true,"href":"https:\/\/www.portalalerta.com.br\/index.php\/wp-json\/wp\/v2\/comments?post=26395"}],"version-history":[{"count":1,"href":"https:\/\/www.portalalerta.com.br\/index.php\/wp-json\/wp\/v2\/posts\/26395\/revisions"}],"predecessor-version":[{"id":26396,"href":"https:\/\/www.portalalerta.com.br\/index.php\/wp-json\/wp\/v2\/posts\/26395\/revisions\/26396"}],"wp:featuredmedia":[{"embeddable":true,"href":"https:\/\/www.portalalerta.com.br\/index.php\/wp-json\/wp\/v2\/media\/5423"}],"wp:attachment":[{"href":"https:\/\/www.portalalerta.com.br\/index.php\/wp-json\/wp\/v2\/media?parent=26395"}],"wp:term":[{"taxonomy":"category","embeddable":true,"href":"https:\/\/www.portalalerta.com.br\/index.php\/wp-json\/wp\/v2\/categories?post=26395"},{"taxonomy":"post_tag","embeddable":true,"href":"https:\/\/www.portalalerta.com.br\/index.php\/wp-json\/wp\/v2\/tags?post=26395"}],"curies":[{"name":"wp","href":"https:\/\/api.w.org\/{rel}","templated":true}]}}