{"id":26398,"date":"2020-07-02T21:06:35","date_gmt":"2020-07-03T00:06:35","guid":{"rendered":"https:\/\/www.portalalerta.com.br\/?p=26398"},"modified":"2020-07-02T21:06:35","modified_gmt":"2020-07-03T00:06:35","slug":"numero-de-curados-volta-a-ultrapassar-o-de-ativos-por-covid-19-em-ribeira-do-pombal-ba","status":"publish","type":"post","link":"https:\/\/www.portalalerta.com.br\/index.php\/2020\/07\/02\/numero-de-curados-volta-a-ultrapassar-o-de-ativos-por-covid-19-em-ribeira-do-pombal-ba\/","title":{"rendered":"N\u00famero de curados volta a ultrapassar o de ativos por Covid-19, em Ribeira do Pombal-BA"},"content":{"rendered":"<p style=\"text-align: justify;\">Mais dez pessoas foram diagnosticadas com a Covid-19 em Ribeira do Pombal-BA, nesta quinta-feira, 02. Desta forma, o munic\u00edpio alcan\u00e7ou a marca de 134 infectados, sendo que destes, 40 foram registrados somente nesta semana.<!--more--><\/p>\n<p style=\"text-align: justify;\">Por outro lado, o munic\u00edpio registrou 16 curas nesta quinta-feira, alcan\u00e7ando a marca de 72 curados. Destes, 30 foram registradas apenas nesta semana.<\/p>\n<p style=\"text-align: justify;\"><img fetchpriority=\"high\" decoding=\"async\" class=\"size-thumbnail wp-image-25012 aligncenter\" src=\"https:\/\/www.portalalerta.com.br\/wp-content\/uploads\/2020\/06\/real-acordo.1-720x92.jpg\" alt=\"\" width=\"720\" height=\"92\" \/>Portanto, dos 134 casos confirmados, 61 permanecem ativos (45%), 72 curados (54%), e o \u00fanico \u00f3bito \u00e9 representado por 1%.<\/p>\n<p style=\"text-align: justify;\">Em nota, a Secretaria Municipal de Sa\u00fade informou que dos novos casos registrados nesta quinta-feira, todos s\u00e3o contactantes de outros casos diagnosticados no munic\u00edpio em datas anteriores, sendo que: dois deles s\u00e3o crian\u00e7as, um \u00e9 adolescente, e duas s\u00e3o idosas. Nenhum dos pacientes \u00e9 portador de doen\u00e7as pr\u00e9-existentes, e todos se encontram em isolamento domiciliar.<\/p>\n<p style=\"text-align: justify;\"><a href=\"https:\/\/www.portalalerta.com.br\/index.php\/2020\/05\/26\/saiba-como-esta-a-evolucao-do-covid-19-em-ribeira-do-pombal-ba\/\"><strong style=\"font-style: inherit;\">Clique aqui e saiba como est\u00e1 a evolu\u00e7\u00e3o do Covid-19 em Ribeira do Pombal-BA<\/strong><\/a><\/p>\n<p style=\"text-align: justify;\"><em style=\"font-weight: inherit;\">Reda\u00e7\u00e3o: Portal Alerta<\/em><\/p>\n<p style=\"text-align: justify;\"><em style=\"font-weight: inherit;\"><strong>#fiqueemcasa\u00a0\u00a0\u00a0\u00a0<\/strong><\/em><\/p>\n<p style=\"text-align: justify;\"><em style=\"font-weight: inherit;\"><strong>#usemascaras<\/strong><\/em><\/p>\n","protected":false},"excerpt":{"rendered":"<p>Mais dez pessoas foram diagnosticadas com a Covid-19 em Ribeira do Pombal-BA, nesta quinta-feira, 02. Desta forma, o munic\u00edpio alcan\u00e7ou a marca de 134 infectados, sendo que destes, 40 foram registrados somente nesta semana.<\/p>\n","protected":false},"author":2,"featured_media":25360,"comment_status":"open","ping_status":"open","sticky":false,"template":"","format":"standard","meta":{"om_disable_all_campaigns":false,"_monsterinsights_skip_tracking":false,"_monsterinsights_sitenote_active":false,"_monsterinsights_sitenote_note":"","_monsterinsights_sitenote_category":0,"footnotes":""},"categories":[70,69,32,3,19],"tags":[3429,3486,3454,3560,47,61],"class_list":["post-26398","post","type-post","status-publish","format-standard","has-post-thumbnail","hentry","category-destaques","category-noticias2","category-regiao","category-ribeira-do-pombal","category-saude","tag-coronavirus","tag-covid-19","tag-cura","tag-infectados","tag-ribeira-do-pombal","tag-saude"],"aioseo_notices":[],"_links":{"self":[{"href":"https:\/\/www.portalalerta.com.br\/index.php\/wp-json\/wp\/v2\/posts\/26398","targetHints":{"allow":["GET"]}}],"collection":[{"href":"https:\/\/www.portalalerta.com.br\/index.php\/wp-json\/wp\/v2\/posts"}],"about":[{"href":"https:\/\/www.portalalerta.com.br\/index.php\/wp-json\/wp\/v2\/types\/post"}],"author":[{"embeddable":true,"href":"https:\/\/www.portalalerta.com.br\/index.php\/wp-json\/wp\/v2\/users\/2"}],"replies":[{"embeddable":true,"href":"https:\/\/www.portalalerta.com.br\/index.php\/wp-json\/wp\/v2\/comments?post=26398"}],"version-history":[{"count":1,"href":"https:\/\/www.portalalerta.com.br\/index.php\/wp-json\/wp\/v2\/posts\/26398\/revisions"}],"predecessor-version":[{"id":26399,"href":"https:\/\/www.portalalerta.com.br\/index.php\/wp-json\/wp\/v2\/posts\/26398\/revisions\/26399"}],"wp:featuredmedia":[{"embeddable":true,"href":"https:\/\/www.portalalerta.com.br\/index.php\/wp-json\/wp\/v2\/media\/25360"}],"wp:attachment":[{"href":"https:\/\/www.portalalerta.com.br\/index.php\/wp-json\/wp\/v2\/media?parent=26398"}],"wp:term":[{"taxonomy":"category","embeddable":true,"href":"https:\/\/www.portalalerta.com.br\/index.php\/wp-json\/wp\/v2\/categories?post=26398"},{"taxonomy":"post_tag","embeddable":true,"href":"https:\/\/www.portalalerta.com.br\/index.php\/wp-json\/wp\/v2\/tags?post=26398"}],"curies":[{"name":"wp","href":"https:\/\/api.w.org\/{rel}","templated":true}]}}